{"id":5583,"date":"2016-10-18T13:51:32","date_gmt":"2016-10-18T13:51:32","guid":{"rendered":"http:\/\/www.internatura.org\/blog\/?page_id=5583"},"modified":"2017-01-26T21:05:07","modified_gmt":"2017-01-26T21:05:07","slug":"proyecto-recuperacion-territorios-de-cria-abandonados-de-aguila-de-panxa-blanca-educacion-ambiental-en-las-escuelas-11-y-18-octubre-2016","status":"publish","type":"post","link":"https:\/\/internatura.org\/blog\/?p=5583","title":{"rendered":"Projecte de Recuperaci\u00f3 dels Territoris de cr\u00eda abandonats d&#8217;\u00e0guila de panxa blanca. Educaci\u00f3 ambiental en les escoles. 11 y 18 octubre 2016"},"content":{"rendered":"<p style=\"text-align: justify;\"><a href=\"http:\/\/www.internatura.org\/blog\/wp-content\/uploads\/2017\/01\/Escola-11-10-2016-IMG_9341.jpg\" rel=\"litghbox\" data-rel=\"lightbox-image-0\" data-rl_title=\"\" data-rl_caption=\"\" title=\"\"><img decoding=\"async\" loading=\"lazy\" class=\"alignleft wp-image-5587 size-thumbnail\" src=\"http:\/\/www.internatura.org\/blog\/wp-content\/uploads\/2017\/01\/Escola-11-10-2016-IMG_9341-150x150.jpg\" alt=\"Escola-11-10-2016-IMG_9341\" width=\"150\" height=\"150\" \/><\/a>El Projecte de Recuperaci\u00f3 de Territoris de cria abandonats d&#8217;\u00e0guila de panxa blanca, presenta dues grans blocs:<\/p>\n<p style=\"text-align: justify;\">1.- Sobre actuaci\u00f3 en el Medi.<\/p>\n<p style=\"text-align: justify;\">2.- Educaci\u00f3, sensibilitzaci\u00f3 i informaci\u00f3 ambiental a les escoles.<\/p>\n<p style=\"text-align: justify;\">Durant els dies 11 i 18 d&#8217;octubre membres del GER-EA han estat impartint una s\u00e8rie de xarrades a les escoles de les poblacions de Vilanova d&#8217;Alcolea i de Benlloch.<\/p>\n<p style=\"text-align: justify;\">En aquestes sessions es realitzava una xarrada on explic\u00e0vem la import\u00e0ncia de conservaci\u00f3 i perills de les \u00e0guiles de panxa blanca. Alhora explic\u00e0vem el projecte de recuperaci\u00f3 d&#8217;un territori d&#8217;\u00e0guiles abandonat.<\/p>\n<p style=\"text-align: justify;\"><a href=\"http:\/\/www.internatura.org\/blog\/wp-content\/uploads\/2017\/01\/Escola-11-10-2016-IMG_9339.jpg\" rel=\"litghbox\" data-rel=\"lightbox-image-1\" data-rl_title=\"\" data-rl_caption=\"\" title=\"\"><img decoding=\"async\" loading=\"lazy\" class=\"alignnone wp-image-5588 size-thumbnail\" src=\"http:\/\/www.internatura.org\/blog\/wp-content\/uploads\/2017\/01\/Escola-11-10-2016-IMG_9339-150x150.jpg\" alt=\"Escola-11-10-2016-IMG_9339\" width=\"150\" height=\"150\" \/><\/a>\u00a0<a href=\"http:\/\/www.internatura.org\/blog\/wp-content\/uploads\/2017\/01\/Escola-11-10-2016-IMG_9338-1.jpg\" rel=\"litghbox\" data-rel=\"lightbox-image-2\" data-rl_title=\"\" data-rl_caption=\"\" title=\"\"><img decoding=\"async\" loading=\"lazy\" class=\"alignnone wp-image-5589 size-thumbnail\" src=\"http:\/\/www.internatura.org\/blog\/wp-content\/uploads\/2017\/01\/Escola-11-10-2016-IMG_9338-1-150x150.jpg\" alt=\"Escola-11-10-2016-IMG_9338\" width=\"150\" height=\"150\" \/>\u00a0<\/a><a href=\"http:\/\/www.internatura.org\/blog\/wp-content\/uploads\/2017\/01\/Escola-11-10-2016.jpg\" rel=\"litghbox\" data-rel=\"lightbox-image-3\" data-rl_title=\"\" data-rl_caption=\"\" title=\"\"><img decoding=\"async\" loading=\"lazy\" class=\"alignnone wp-image-5590 size-thumbnail\" src=\"http:\/\/www.internatura.org\/blog\/wp-content\/uploads\/2017\/01\/Escola-11-10-2016-150x150.jpg\" alt=\"Escola-11-10-2016\" width=\"150\" height=\"150\" \/>\u00a0<\/a><a href=\"http:\/\/www.internatura.org\/blog\/wp-content\/uploads\/2017\/01\/IMG_20161018_153327388.jpg\" rel=\"litghbox\" data-rel=\"lightbox-image-4\" data-rl_title=\"\" data-rl_caption=\"\" title=\"\"><img decoding=\"async\" loading=\"lazy\" class=\"alignnone wp-image-5591 size-thumbnail\" src=\"http:\/\/www.internatura.org\/blog\/wp-content\/uploads\/2017\/01\/IMG_20161018_153327388-150x150.jpg\" alt=\"IMG_20161018_153327388\" width=\"150\" height=\"150\" \/><\/a><\/p>\n<p style=\"text-align: justify;\">Posteriorment a la xarrada es passava un\u00a0<a href=\"https:\/\/youtu.be\/HpDFjSk2Gsc\" data-rel=\"lightbox-video-0\">v\u00eddeo<\/a> de la vida d&#8217;una parella d&#8217;\u00e0ligues de panxa blanca, realitzat per membres del GER-EA, amb imatges de parelles d&#8217;\u00e0guiles a la prov\u00edncia de Castell\u00f3.<\/p>\n<p style=\"text-align: justify;\">Per finalitzar i despr\u00e9s d&#8217;una ronda de preguntes i comentaris, es van repartir entre els alumnes de 3 a 10 anys, una s\u00e8rie de quadernets, tr\u00edptics, adhesius i xapes, perqu\u00e8 els xiquets seguissen pensant en les \u00e0guiles de panxa blanca.<\/p>\n<p><a href=\"http:\/\/www.internatura.org\/blog\/wp-content\/uploads\/2017\/01\/Esco-b-Benlloch-18-10-2016-.jpg\" rel=\"litghbox\" data-rel=\"lightbox-image-5\" data-rl_title=\"\" data-rl_caption=\"\" title=\"\"><img decoding=\"async\" loading=\"lazy\" class=\"alignleft wp-image-5592 size-thumbnail\" src=\"http:\/\/www.internatura.org\/blog\/wp-content\/uploads\/2017\/01\/Esco-b-Benlloch-18-10-2016--150x150.jpg\" alt=\"Esco-b-Benlloch-18-10-2016-\" width=\"150\" height=\"150\" \/><\/a><a href=\"http:\/\/www.internatura.org\/blog\/wp-content\/uploads\/2017\/01\/Esco-Benlloch-18-10-2016-.jpg\" rel=\"litghbox\" data-rel=\"lightbox-image-6\" data-rl_title=\"\" data-rl_caption=\"\" title=\"\"><img decoding=\"async\" loading=\"lazy\" class=\"alignleft wp-image-5593 size-thumbnail\" src=\"http:\/\/www.internatura.org\/blog\/wp-content\/uploads\/2017\/01\/Esco-Benlloch-18-10-2016--150x150.jpg\" alt=\"Esco-Benlloch-18-10-2016-\" width=\"150\" height=\"150\" \/><\/a>Algunes fotos de l&#8217;activitat:\u00a0<a href=\"https:\/\/photos.google.com\/share\/AF1QipPpOF2zxRhXRgsnfcRwsXRgom5XICokcHZ626-_XlLK0Ho7Z7UsM4U5HFoVzTAU3Q?key=OXNhcU45eUhuZkxESFB5aGs0cmRrcHNqdF9yLW5n\">https:\/\/goo.gl\/photos\/LMWPT2Jju2e6gPzT7<\/a><\/p>\n<p>Per a m\u00e9s informaci\u00f3 de les actuacions del GER-EA sobre la protecci\u00f3 de l&#8217;\u00e0guila de panxa blanca pots consultar en \u00ab<a href=\"http:\/\/www.ecologistasenaccion.org\/article33245.html\">Recuperaci\u00f3 Territori Aguila de panxa blanca a Castell\u00f3<\/a>\u00ab.<\/p>\n<p>&nbsp;<\/p>\n","protected":false},"excerpt":{"rendered":"<p>El Projecte de Recuperaci\u00f3 de Territoris de cria abandonats d&#8217;\u00e0guila de panxa blanca, presenta dues grans blocs: 1.- Sobre actuaci\u00f3 en el Medi. 2.- Educaci\u00f3, sensibilitzaci\u00f3 i informaci\u00f3 ambiental a les escoles. Durant els dies 11 i 18 d&#8217;octubre membres del GER-EA han estat impartint una s\u00e8rie de xarrades a \u2026 <a class=\"continue-reading-link\" href=\"https:\/\/internatura.org\/blog\/?p=5583\"> Continuar leyendo <span class=\"meta-nav\">&rarr; <\/span><\/a><\/p>\n","protected":false},"author":1,"featured_media":0,"comment_status":"closed","ping_status":"closed","sticky":false,"template":"","format":"standard","meta":[],"categories":[40],"tags":[16],"_links":{"self":[{"href":"https:\/\/internatura.org\/blog\/index.php?rest_route=\/wp\/v2\/posts\/5583"}],"collection":[{"href":"https:\/\/internatura.org\/blog\/index.php?rest_route=\/wp\/v2\/posts"}],"about":[{"href":"https:\/\/internatura.org\/blog\/index.php?rest_route=\/wp\/v2\/types\/post"}],"author":[{"embeddable":true,"href":"https:\/\/internatura.org\/blog\/index.php?rest_route=\/wp\/v2\/users\/1"}],"replies":[{"embeddable":true,"href":"https:\/\/internatura.org\/blog\/index.php?rest_route=%2Fwp%2Fv2%2Fcomments&post=5583"}],"version-history":[{"count":10,"href":"https:\/\/internatura.org\/blog\/index.php?rest_route=\/wp\/v2\/posts\/5583\/revisions"}],"predecessor-version":[{"id":5975,"href":"https:\/\/internatura.org\/blog\/index.php?rest_route=\/wp\/v2\/posts\/5583\/revisions\/5975"}],"wp:attachment":[{"href":"https:\/\/internatura.org\/blog\/index.php?rest_route=%2Fwp%2Fv2%2Fmedia&parent=5583"}],"wp:term":[{"taxonomy":"category","embeddable":true,"href":"https:\/\/internatura.org\/blog\/index.php?rest_route=%2Fwp%2Fv2%2Fcategories&post=5583"},{"taxonomy":"post_tag","embeddable":true,"href":"https:\/\/internatura.org\/blog\/index.php?rest_route=%2Fwp%2Fv2%2Ftags&post=5583"}],"curies":[{"name":"wp","href":"https:\/\/api.w.org\/{rel}","templated":true}]}}