{"id":5597,"date":"2016-10-22T14:31:12","date_gmt":"2016-10-22T14:31:12","guid":{"rendered":"http:\/\/www.internatura.org\/blog\/?page_id=5597"},"modified":"2017-01-26T20:59:07","modified_gmt":"2017-01-26T20:59:07","slug":"control-de-aves-rapaces-en-la-punta-vall-duixo-i-gavines-a-lestany-de-nules-22102016","status":"publish","type":"post","link":"https:\/\/internatura.org\/blog\/?p=5597","title":{"rendered":"Control d&#8217;aus rapinyaires en La Punta. Vall d&#8217;Uix\u00f3 i gavines a l&#8217;Estany de Nules. 22\/10\/2016"},"content":{"rendered":"<p><a href=\"http:\/\/www.internatura.org\/blog\/wp-content\/uploads\/2017\/01\/Cal\u00e7a-b-22-10-2016.jpg\" rel=\"litghbox\" data-rel=\"lightbox-image-0\" data-rl_title=\"\" data-rl_caption=\"\" title=\"\"><img decoding=\"async\" loading=\"lazy\" class=\"alignleft wp-image-5607 size-thumbnail\" src=\"http:\/\/www.internatura.org\/blog\/wp-content\/uploads\/2017\/01\/Cal\u00e7a-b-22-10-2016-150x150.jpg\" alt=\"Cal\u00e7a-b-22-10-2016\" width=\"150\" height=\"150\" \/><\/a>Meteo: Ennuvolat amb molta boira sobre la S\u00aa d&#8217;Espad\u00e0 i el Desert de Les Palmes. Vent nul, visibilitat bona<\/p>\n<p>Dia: 2016.10.22 per\u00edode: 11 a 14 h.<\/p>\n<p>Observador: Josep Bort<\/p>\n<ul>\n<li>Muixetes (<em><a href=\"http:\/\/www.internatura.org\/aocv\/ficha.php?idesp=84\">Falco tinnunculus<\/a><\/em>): 19 ex. (Grup de 4 ex. Junts), alimentant d&#8217;insectes en l&#8217;aire (formigues voladores).<\/li>\n<li>Esparver (<em><a href=\"http:\/\/www.internatura.org\/aocv\/ficha.php?idesp=66\">Accipiter nisus<\/a><\/em>): 3 ex.<\/li>\n<li>Aligot (<em><a href=\"http:\/\/www.internatura.org\/aocv\/ficha.php?idesp=69\">Buteo buteo<\/a><\/em>): 5 ex.<\/li>\n<li>\u00c0guila cal\u00e7ada (<em><a href=\"http:\/\/www.internatura.org\/aocv\/ficha.php?idesp=62\">Aquila pennata<\/a><\/em>): 7 ex. (2 de morf fosc).<\/li>\n<li>\u00c0guila serpera (<em><a href=\"http:\/\/www.internatura.org\/aocv\/ficha.php?idesp=75\">Circaetus gallicus<\/a><\/em>): 3 ex.<\/li>\n<li>Arpellot de marjal (<em><a href=\"http:\/\/www.internatura.org\/aocv\/ficha.php?idesp=76\">Circus aeruginosus<\/a><\/em>): 4 ex. (1 mascle)<\/li>\n<li>Mussol com\u00fa (<em><a href=\"http:\/\/www.internatura.org\/aocv\/ficha.php?idesp=193\">Athene noctua<\/a><\/em>): 1 ex.<\/li>\n<li>Roquers (<em><a href=\"http:\/\/www.internatura.org\/aocv\/ficha.php?idesp=219\">Ptyonoprogne rupestris<\/a><\/em>): 148 ex.<\/li>\n<li>Oroneta (<em><a href=\"http:\/\/www.internatura.org\/aocv\/ficha.php?idesp=220\">Hirundo rustica<\/a><\/em>): 118 ex.<\/li>\n<li>Oroneta cua-rogenca (<em><a href=\"http:\/\/www.internatura.org\/aocv\/ficha.php?idesp=221\">Cecropis daurica<\/a><\/em>): 2 ex.<\/li>\n<li>Falcia de panxa blanca (<em><a href=\"http:\/\/www.internatura.org\/aocv\/ficha.php?idesp=200\">Apus melba<\/a><\/em>): 3 ex.<\/li>\n<li>Botx\u00ed meridional (<em><a href=\"http:\/\/www.internatura.org\/aocv\/ficha.php?idesp=304\">Lanius meridionalis<\/a><\/em>): 4 ex.<\/li>\n<li>Cua-roja fumada (<em><a href=\"http:\/\/www.internatura.org\/aocv\/ficha.php?idesp=248\">Phoenicurus ochruros<\/a><\/em>): 5 ex.<\/li>\n<li>Papamosques gris (<em><a href=\"http:\/\/www.internatura.org\/aocv\/ficha.php?idesp=238\">Muscicapa striata<\/a><\/em>): 1 ex.<\/li>\n<li>Passerell (<em><a href=\"http:\/\/www.internatura.org\/aocv\/ficha.php?idesp=335\">Carduelis cannabina<\/a><\/em>): 10 ex.<\/li>\n<li>Verderol (<em><a href=\"http:\/\/www.internatura.org\/aocv\/ficha.php?idesp=337\">Chloris chloris<\/a><\/em>): 2 ex.<\/li>\n<li>Cadernera (<em><a href=\"http:\/\/www.internatura.org\/aocv\/ficha.php?idesp=336\">Carduelis carduelis<\/a><\/em>): 12 ex.<\/li>\n<li>Corba marina grossa (<em><a href=\"http:\/\/www.internatura.org\/aocv\/ficha.php?idesp=13\">Phalacrocorax carbo<\/a><\/em>): 22 ex. volant i posant-se en bassa de reg.<\/li>\n<li>Estornell (<em><a href=\"http:\/\/www.internatura.org\/aocv\/ficha.php?idesp=319\">Sturnus unicolor<\/a><\/em>): 2 ex.<\/li>\n<li>Tud\u00f3 (<em><a href=\"http:\/\/www.internatura.org\/aocv\/ficha.php?idesp=184\">Columba palumbus<\/a><\/em>): 4 ex.<\/li>\n<li>Tord (<em><a href=\"http:\/\/www.internatura.org\/aocv\/ficha.php?idesp=254\">Turdus philomelos<\/a><\/em>): 2 ex.<\/li>\n<\/ul>\n<p><a href=\"http:\/\/www.internatura.org\/blog\/wp-content\/uploads\/2017\/01\/Ratonero-22-10-2016-.jpg\" rel=\"litghbox\" data-rel=\"lightbox-image-1\" data-rl_title=\"\" data-rl_caption=\"\" title=\"\"><img decoding=\"async\" loading=\"lazy\" class=\"alignnone wp-image-5611 size-thumbnail\" src=\"http:\/\/www.internatura.org\/blog\/wp-content\/uploads\/2017\/01\/Ratonero-22-10-2016--150x150.jpg\" alt=\"Ratonero-22-10-2016-\" width=\"150\" height=\"150\" \/><\/a>\u00a0<a href=\"http:\/\/www.internatura.org\/blog\/wp-content\/uploads\/2017\/01\/Golon-daurica-22-10-2016.jpg\" rel=\"litghbox\" data-rel=\"lightbox-image-2\" data-rl_title=\"\" data-rl_caption=\"\" title=\"\"><img decoding=\"async\" loading=\"lazy\" class=\"alignnone wp-image-5610 size-thumbnail\" src=\"http:\/\/www.internatura.org\/blog\/wp-content\/uploads\/2017\/01\/Golon-daurica-22-10-2016-150x150.jpg\" alt=\"Golon-daurica-22-10-2016\" width=\"150\" height=\"150\" \/><\/a>\u00a0<a href=\"http:\/\/www.internatura.org\/blog\/wp-content\/uploads\/2017\/01\/La-Punta-b-22-10-2016.jpg\" rel=\"litghbox\" data-rel=\"lightbox-image-3\" data-rl_title=\"\" data-rl_caption=\"\" title=\"\"><img decoding=\"async\" loading=\"lazy\" class=\"alignnone wp-image-5609 size-thumbnail\" src=\"http:\/\/www.internatura.org\/blog\/wp-content\/uploads\/2017\/01\/La-Punta-b-22-10-2016-150x150.jpg\" alt=\"La-Punta-b-22-10-2016\" width=\"150\" height=\"150\" \/><\/a>\u00a0<a href=\"http:\/\/www.internatura.org\/blog\/wp-content\/uploads\/2017\/01\/La-Punta-c-22-10-2016.jpg\" rel=\"litghbox\" data-rel=\"lightbox-image-4\" data-rl_title=\"\" data-rl_caption=\"\" title=\"\"><img decoding=\"async\" loading=\"lazy\" class=\"alignnone wp-image-5608 size-thumbnail\" src=\"http:\/\/www.internatura.org\/blog\/wp-content\/uploads\/2017\/01\/La-Punta-c-22-10-2016-150x150.jpg\" alt=\"La-Punta-c-22-10-2016\" width=\"150\" height=\"150\" \/><\/a><\/p>\n<p>Gran pas per que s&#8217;esperava. Gran sorpresa a veure encara les 3 \u00e0guiles serpeteres. Les \u00e0guiles cal\u00e7ades, no presentaven una clara direcci\u00f3 al nord com les setmanes anteriors, era m\u00e9s un vol de prospecci\u00f3 nord &#8211; sud &#8211; nord.<\/p>\n<p>En l&#8217;Estany de Nules va comptabilitzar les gavines:<\/p>\n<ul>\n<li>Gavina vulgar (<em><a href=\"http:\/\/www.internatura.org\/aocv\/ficha.php?idesp=160\">Chroicocephalus ridibundus<\/a><\/em>): 65 ex. (Dues anelles). Groga [T08L], en tars i met\u00e0l\u00b7lica a tars. Blau fosc [RBHB], en tars i met\u00e0l\u00b7lica en t\u00e8bia.<\/li>\n<li>Gavina capnegra (<em><a href=\"http:\/\/www.internatura.org\/aocv\/ficha.php?idesp=164\">Larus melanocephalus<\/a><\/em>): 6 ex.<\/li>\n<li>Gavina corsa (<em><a href=\"http:\/\/www.internatura.org\/aocv\/ficha.php?idesp=166\">Larus audouinii<\/a><\/em>): 2 ex.<\/li>\n<li>Gavinot argentat mediterrani \u00a0(<em><a href=\"http:\/\/www.internatura.org\/aocv\/ficha.php?idesp=157\">Larus michahellis<\/a><\/em>): 7 ex.<\/li>\n<\/ul>\n<p><a href=\"http:\/\/www.internatura.org\/blog\/wp-content\/uploads\/2017\/01\/Reidora-T08L-22-10-2016-.jpg\" rel=\"litghbox\" data-rel=\"lightbox-image-5\" data-rl_title=\"\" data-rl_caption=\"\" title=\"\"><img decoding=\"async\" loading=\"lazy\" class=\"alignleft wp-image-5613 size-thumbnail\" src=\"http:\/\/www.internatura.org\/blog\/wp-content\/uploads\/2017\/01\/Reidora-T08L-22-10-2016--150x150.jpg\" alt=\"Reidora-T08L-22-10-2016-\" width=\"150\" height=\"150\" \/><\/a><\/p>\n<p><a href=\"http:\/\/www.internatura.org\/blog\/wp-content\/uploads\/2017\/01\/Reidora-RBHB-22-10-2016-.jpg\" rel=\"litghbox\" data-rel=\"lightbox-image-6\" data-rl_title=\"\" data-rl_caption=\"\" title=\"\"><img decoding=\"async\" loading=\"lazy\" class=\"alignleft wp-image-5612 size-thumbnail\" src=\"http:\/\/www.internatura.org\/blog\/wp-content\/uploads\/2017\/01\/Reidora-RBHB-22-10-2016--150x150.jpg\" alt=\"Reidora-RBHB-22-10-2016-\" width=\"150\" height=\"150\" \/><\/a><\/p>\n","protected":false},"excerpt":{"rendered":"<p>Meteo: Ennuvolat amb molta boira sobre la S\u00aa d&#8217;Espad\u00e0 i el Desert de Les Palmes. Vent nul, visibilitat bona Dia: 2016.10.22 per\u00edode: 11 a 14 h. Observador: Josep Bort Muixetes (Falco tinnunculus): 19 ex. (Grup de 4 ex. Junts), alimentant d&#8217;insectes en l&#8217;aire (formigues voladores). Esparver (Accipiter nisus): 3 ex. \u2026 <a class=\"continue-reading-link\" href=\"https:\/\/internatura.org\/blog\/?p=5597\"> Continuar leyendo <span class=\"meta-nav\">&rarr; <\/span><\/a><\/p>\n","protected":false},"author":1,"featured_media":0,"comment_status":"closed","ping_status":"closed","sticky":false,"template":"","format":"standard","meta":[],"categories":[7,89],"tags":[105,106],"_links":{"self":[{"href":"https:\/\/internatura.org\/blog\/index.php?rest_route=\/wp\/v2\/posts\/5597"}],"collection":[{"href":"https:\/\/internatura.org\/blog\/index.php?rest_route=\/wp\/v2\/posts"}],"about":[{"href":"https:\/\/internatura.org\/blog\/index.php?rest_route=\/wp\/v2\/types\/post"}],"author":[{"embeddable":true,"href":"https:\/\/internatura.org\/blog\/index.php?rest_route=\/wp\/v2\/users\/1"}],"replies":[{"embeddable":true,"href":"https:\/\/internatura.org\/blog\/index.php?rest_route=%2Fwp%2Fv2%2Fcomments&post=5597"}],"version-history":[{"count":11,"href":"https:\/\/internatura.org\/blog\/index.php?rest_route=\/wp\/v2\/posts\/5597\/revisions"}],"predecessor-version":[{"id":5973,"href":"https:\/\/internatura.org\/blog\/index.php?rest_route=\/wp\/v2\/posts\/5597\/revisions\/5973"}],"wp:attachment":[{"href":"https:\/\/internatura.org\/blog\/index.php?rest_route=%2Fwp%2Fv2%2Fmedia&parent=5597"}],"wp:term":[{"taxonomy":"category","embeddable":true,"href":"https:\/\/internatura.org\/blog\/index.php?rest_route=%2Fwp%2Fv2%2Fcategories&post=5597"},{"taxonomy":"post_tag","embeddable":true,"href":"https:\/\/internatura.org\/blog\/index.php?rest_route=%2Fwp%2Fv2%2Ftags&post=5597"}],"curies":[{"name":"wp","href":"https:\/\/api.w.org\/{rel}","templated":true}]}}