{"id":5615,"date":"2016-10-29T15:09:20","date_gmt":"2016-10-29T15:09:20","guid":{"rendered":"http:\/\/www.internatura.org\/blog\/?page_id=5615"},"modified":"2017-01-26T20:54:52","modified_gmt":"2017-01-26T20:54:52","slug":"aguila-de-panxa-blanca-a-laeroport-de-castello-electrocucio-29102016","status":"publish","type":"post","link":"https:\/\/internatura.org\/blog\/?p=5615","title":{"rendered":"\u00c0guila de panxa blanca a l&#8217;aeroport de Castell\u00f3. Electrocuci\u00f3. 29\/10\/2016"},"content":{"rendered":"<p style=\"text-align: justify;\"><a href=\"http:\/\/www.internatura.org\/blog\/wp-content\/uploads\/2017\/01\/Hf-aeroport-cccc-29-10-2016.jpg\" rel=\"litghbox\" data-rel=\"lightbox-image-0\" data-rl_title=\"\" data-rl_caption=\"\" title=\"\"><img decoding=\"async\" loading=\"lazy\" class=\"alignleft wp-image-5618 size-thumbnail\" src=\"http:\/\/www.internatura.org\/blog\/wp-content\/uploads\/2017\/01\/Hf-aeroport-cccc-29-10-2016-150x150.jpg\" alt=\"Hf-aeroport-cccc-29-10-2016\" width=\"150\" height=\"150\" \/><\/a>En un nou control d&#8217;aus rapinyaires a l&#8217;aeroport de Castell\u00f3 i voltants, vam poder ser testimoni de la pres\u00e8ncia d&#8217;un \u00e0guila de panxa blanca (<em><a href=\"http:\/\/www.internatura.org\/aocv\/ficha.php?idesp=61\">Aquila fasciata<\/a><\/em>) que estava en una torre el\u00e8ctrica.<\/p>\n<p style=\"text-align: justify;\"><a href=\"http:\/\/www.internatura.org\/blog\/wp-content\/uploads\/2017\/01\/Hf-aeroporttt-29-10-2016.jpg\" rel=\"litghbox\" data-rel=\"lightbox-image-1\" data-rl_title=\"\" data-rl_caption=\"\" title=\"\"><img decoding=\"async\" loading=\"lazy\" class=\"alignright wp-image-5619 size-thumbnail\" src=\"http:\/\/www.internatura.org\/blog\/wp-content\/uploads\/2017\/01\/Hf-aeroporttt-29-10-2016-150x150.jpg\" alt=\"Hf-aeroporttt-29-10-2016\" width=\"150\" height=\"150\" \/><\/a>Un cop muntat el telescopi vam poder identificar un individu inmaturo d&#8217;uns 2 anys d&#8217;edat, que presentada una ferida a la cuixa esquerra.<\/p>\n<p style=\"text-align: justify;\">En moure l&#8217;\u00e0guila sobre la torre vam poder adonar-nos que presentava una anella de color roja a la cama esquerra en lletres blanca [KN].<\/p>\n<p style=\"text-align: justify;\">El aus va estar molt temps a la torre en actitud de prospecci\u00f3 del terreny buscant aliment. En apropar-nos, l&#8217;\u00e0guila salta de la torre mantenint la pota ferida penjant, desapareixent cap la pista de l&#8217;aeroport.<\/p>\n<p style=\"text-align: justify;\">Segons ens van comentar posteriorment era una \u00e0guila que va ser anellada de pollet a Catalunya, i ara es trobava en els seus moviments dispersius.<\/p>\n<p style=\"text-align: justify;\">Desconeixem si aquesta \u00e0guila \u00e9s la mateixa que l&#8217;observada el passat 21\/07\/2016 en el mateix lloc i que tamb\u00e9 presentava una anella vermella per\u00f2 no vam poder llegir-la.<\/p>\n<p style=\"text-align: justify;\"><a href=\"http:\/\/www.internatura.org\/blog\/wp-content\/uploads\/2017\/01\/Hf-aeroport-c-29-10-2016.jpg\" rel=\"litghbox\" data-rel=\"lightbox-image-2\" data-rl_title=\"\" data-rl_caption=\"\" title=\"\"><img decoding=\"async\" loading=\"lazy\" class=\"alignnone wp-image-5617 size-thumbnail\" src=\"http:\/\/www.internatura.org\/blog\/wp-content\/uploads\/2017\/01\/Hf-aeroport-c-29-10-2016-150x150.jpg\" alt=\"Hf-aeroport-c-29-10-2016\" width=\"150\" height=\"150\" \/>\u00a0<\/a><a href=\"http:\/\/www.internatura.org\/blog\/wp-content\/uploads\/2017\/01\/Hf-aeroporrrtttt-29-10-2016.jpg\" rel=\"litghbox\" data-rel=\"lightbox-image-3\" data-rl_title=\"\" data-rl_caption=\"\" title=\"\"><img decoding=\"async\" loading=\"lazy\" class=\"alignnone wp-image-5616 size-thumbnail\" src=\"http:\/\/www.internatura.org\/blog\/wp-content\/uploads\/2017\/01\/Hf-aeroporrrtttt-29-10-2016-150x150.jpg\" alt=\"Hf-aeroporrrtttt-29-10-2016\" width=\"150\" height=\"150\" \/>\u00a0<\/a><a href=\"http:\/\/www.internatura.org\/blog\/wp-content\/uploads\/2017\/01\/Hf-ae-c-21-07-2016-IMG_7803.jpg\" rel=\"litghbox\" data-rel=\"lightbox-image-4\" data-rl_title=\"\" data-rl_caption=\"\" title=\"\"><img decoding=\"async\" loading=\"lazy\" class=\"alignnone wp-image-5629 size-thumbnail\" src=\"http:\/\/www.internatura.org\/blog\/wp-content\/uploads\/2017\/01\/Hf-ae-c-21-07-2016-IMG_7803-150x150.jpg\" alt=\"Hf-ae-c-21-07-2016-IMG_7803\" width=\"150\" height=\"150\" \/><\/a><\/p>\n<p style=\"text-align: justify;\">\n<p style=\"text-align: justify;\">\u00a0Posteriorment i continuant amb el recompte de rapinyaires, vam poder veure una altra \u00e0guila de panxa blanca volant entre l&#8217;aeroport i la zona del projecte de recuperaci\u00f3 de territori abandonat, a Vilanova d&#8217;Alcolea. Al primer moment pens\u00e0vem que era la mateixa \u00e0guila per\u00f2 al veure-la amb telescopi, ens vam adonar que era una altra \u00e0guila m\u00e9s o menys de la mateixa edat per\u00f2 no anava anellada.<\/p>\n<p style=\"text-align: justify;\">A m\u00e9s d&#8217;aquestes \u00e0guiles de panxa blanca vam poder observar a un mil\u00e0 reial (<em><a href=\"http:\/\/www.internatura.org\/aocv\/ficha.php?idesp=71\">Milvus milvus<\/a><\/em>) amb plomes trencades en una de les ales. Avui havien molt poques rapinyaires i aus en general , possiblement per que havien gran cantidas de ca\u00e7adors i gossos a la zona.<\/p>\n<p style=\"text-align: justify;\"><a href=\"http:\/\/www.internatura.org\/blog\/wp-content\/uploads\/2017\/01\/Hf-aeroport-dd-29-10-2016.jpg\" rel=\"litghbox\" data-rel=\"lightbox-image-5\" data-rl_title=\"\" data-rl_caption=\"\" title=\"\"><img decoding=\"async\" loading=\"lazy\" class=\"alignnone wp-image-5623 size-thumbnail\" src=\"http:\/\/www.internatura.org\/blog\/wp-content\/uploads\/2017\/01\/Hf-aeroport-dd-29-10-2016-150x150.jpg\" alt=\"Hf-aeroport-dd-29-10-2016\" width=\"150\" height=\"150\" \/><\/a>\u00a0<a href=\"http:\/\/www.internatura.org\/blog\/wp-content\/uploads\/2017\/01\/Mila-a-29-10-2016-aeroportI.jpg\" rel=\"litghbox\" data-rel=\"lightbox-image-6\" data-rl_title=\"\" data-rl_caption=\"\" title=\"\"><img decoding=\"async\" loading=\"lazy\" class=\"alignnone wp-image-5626 size-thumbnail\" src=\"http:\/\/www.internatura.org\/blog\/wp-content\/uploads\/2017\/01\/Mila-a-29-10-2016-aeroportI-150x150.jpg\" alt=\"Mila-a-29-10-2016-aeroportI\" width=\"150\" height=\"150\" \/><\/a>\u00a0<a href=\"http:\/\/www.internatura.org\/blog\/wp-content\/uploads\/2017\/01\/cazadores-29-10-2016.jpg\" rel=\"litghbox\" data-rel=\"lightbox-image-7\" data-rl_title=\"\" data-rl_caption=\"\" title=\"\"><img decoding=\"async\" loading=\"lazy\" class=\"alignnone wp-image-5627 size-thumbnail\" src=\"http:\/\/www.internatura.org\/blog\/wp-content\/uploads\/2017\/01\/cazadores-29-10-2016-150x150.jpg\" alt=\"cazadores-29-10-2016\" width=\"150\" height=\"150\" \/><\/a>\u00a0<a href=\"http:\/\/www.internatura.org\/blog\/wp-content\/uploads\/2017\/01\/Mila-aaaa-29-10-2016-aeropo.jpg\" rel=\"litghbox\" data-rel=\"lightbox-image-8\" data-rl_title=\"\" data-rl_caption=\"\" title=\"\"><img decoding=\"async\" loading=\"lazy\" class=\"alignnone wp-image-5625 size-thumbnail\" src=\"http:\/\/www.internatura.org\/blog\/wp-content\/uploads\/2017\/01\/Mila-aaaa-29-10-2016-aeropo-150x150.jpg\" alt=\"Mila-aaaa-29-10-2016-aeropo\" width=\"150\" height=\"150\" \/><\/a><\/p>\n","protected":false},"excerpt":{"rendered":"<p>En un nou control d&#8217;aus rapinyaires a l&#8217;aeroport de Castell\u00f3 i voltants, vam poder ser testimoni de la pres\u00e8ncia d&#8217;un \u00e0guila de panxa blanca (Aquila fasciata) que estava en una torre el\u00e8ctrica. Un cop muntat el telescopi vam poder identificar un individu inmaturo d&#8217;uns 2 anys d&#8217;edat, que presentada una \u2026 <a class=\"continue-reading-link\" href=\"https:\/\/internatura.org\/blog\/?p=5615\"> Continuar leyendo <span class=\"meta-nav\">&rarr; <\/span><\/a><\/p>\n","protected":false},"author":1,"featured_media":0,"comment_status":"closed","ping_status":"closed","sticky":false,"template":"","format":"standard","meta":[],"categories":[25,12],"tags":[16],"_links":{"self":[{"href":"https:\/\/internatura.org\/blog\/index.php?rest_route=\/wp\/v2\/posts\/5615"}],"collection":[{"href":"https:\/\/internatura.org\/blog\/index.php?rest_route=\/wp\/v2\/posts"}],"about":[{"href":"https:\/\/internatura.org\/blog\/index.php?rest_route=\/wp\/v2\/types\/post"}],"author":[{"embeddable":true,"href":"https:\/\/internatura.org\/blog\/index.php?rest_route=\/wp\/v2\/users\/1"}],"replies":[{"embeddable":true,"href":"https:\/\/internatura.org\/blog\/index.php?rest_route=%2Fwp%2Fv2%2Fcomments&post=5615"}],"version-history":[{"count":7,"href":"https:\/\/internatura.org\/blog\/index.php?rest_route=\/wp\/v2\/posts\/5615\/revisions"}],"predecessor-version":[{"id":5972,"href":"https:\/\/internatura.org\/blog\/index.php?rest_route=\/wp\/v2\/posts\/5615\/revisions\/5972"}],"wp:attachment":[{"href":"https:\/\/internatura.org\/blog\/index.php?rest_route=%2Fwp%2Fv2%2Fmedia&parent=5615"}],"wp:term":[{"taxonomy":"category","embeddable":true,"href":"https:\/\/internatura.org\/blog\/index.php?rest_route=%2Fwp%2Fv2%2Fcategories&post=5615"},{"taxonomy":"post_tag","embeddable":true,"href":"https:\/\/internatura.org\/blog\/index.php?rest_route=%2Fwp%2Fv2%2Ftags&post=5615"}],"curies":[{"name":"wp","href":"https:\/\/api.w.org\/{rel}","templated":true}]}}