{"id":5655,"date":"2016-11-10T17:26:38","date_gmt":"2016-11-10T17:26:38","guid":{"rendered":"http:\/\/www.internatura.org\/blog\/?page_id=5655"},"modified":"2017-01-26T20:42:53","modified_gmt":"2017-01-26T20:42:53","slug":"educacio-ambiental-a-lescola-de-la-pobla-de-tornesa-1011201-projecte-aguila-de-panxa-blanca","status":"publish","type":"post","link":"https:\/\/internatura.org\/blog\/?p=5655","title":{"rendered":"Educaci\u00f3 ambiental a l&#8217;escola de la Pobla de Tornesa 10\/11\/2016. Projecte \u00c0guila de panxa blanca."},"content":{"rendered":"<p style=\"text-align: justify;\"><a href=\"http:\/\/www.internatura.org\/blog\/wp-content\/uploads\/2017\/01\/Hf-escolaPobla-1.jpg\" rel=\"litghbox\" data-rel=\"lightbox-image-0\" data-rl_title=\"\" data-rl_caption=\"\" title=\"\"><img decoding=\"async\" loading=\"lazy\" class=\"alignleft wp-image-5656 size-thumbnail\" src=\"http:\/\/www.internatura.org\/blog\/wp-content\/uploads\/2017\/01\/Hf-escolaPobla-1-150x150.jpg\" alt=\"Hf-escolaPobla-1\" width=\"150\" height=\"150\" \/><\/a>El passat 10 de novembre membres del grup GER-EA de Vila-real i de APNAL-EA de Vinar\u00f2s, vam realitzar una activitat d&#8217;educaci\u00f3, sensibilitzaci\u00f3 i informaci\u00f3 del medi ambient, dins el Projecte de<em> \u00abRecuperaci\u00f3 de territoris de cria abandonats d&#8217;\u00e0guila de panxa blanca a Castell\u00f3<\/em>\u00ab, a l&#8217;escola de la Pobla de Tornesa.<\/p>\n<p style=\"text-align: justify;\">Iniciem la sessi\u00f3 a les 15 h., amb l&#8217;exposici\u00f3 d&#8217;una xarrada sobre la biologia i problem\u00e0tica de l&#8217;\u00e0guila de panxa blanca a Castell\u00f3. Posteriorment es passa un v\u00eddeo on es desenvolupa la vida d&#8217;una parelles d&#8217;\u00e0guila de panxa blanca, construint el niu, alimentant els pollets fins que salten del niu i comencen una vida solit\u00e0ria. Documental realitzat per membres del GER-EA amb imatges de parelles de panxa blanca a Castell\u00f3. Cal comentar que per treure aquestes imatges s&#8217;ha utilitzat una tecnologia d&#8217;alta definici\u00f3 i a dist\u00e0ncies entre 300 &#8211; 500 m. dels nius per evitar mol\u00e8sties a les \u00e0guiles i polles al niu. <a href=\"http:\/\/www.internatura.org\/blog\/wp-content\/uploads\/2017\/01\/Hf-escolaPobla-2.jpg\" rel=\"litghbox\" data-rel=\"lightbox-image-1\" data-rl_title=\"\" data-rl_caption=\"\" title=\"\"><img decoding=\"async\" loading=\"lazy\" class=\"alignleft wp-image-5658 size-thumbnail\" src=\"http:\/\/www.internatura.org\/blog\/wp-content\/uploads\/2017\/01\/Hf-escolaPobla-2-150x150.jpg\" alt=\"Hf-escolaPobla-2\" width=\"150\" height=\"150\" \/><\/a><br \/>\nA continuaci\u00f3 expliquem als xiquets el projecte que volem fer sobre la recuperaci\u00f3 d&#8217;un territori de cria abandonat per l&#8217;\u00e0guila de panxa blanca a Vilanova d&#8217;Alcolea, amb la col\u00b7locaci\u00f3 d&#8217;un niu artificial.<\/p>\n<p style=\"text-align: justify;\">Posteriorment els companys del grup APNAL-EA, van donar un taller de construcci\u00f3 de caixes niu, explicant als alumne, d&#8217;edats de 7 a 10 anys, la import\u00e0ncia de conservar les aus petites (passeriformes), facilitant llocs de nidificaci\u00f3.<\/p>\n<p style=\"text-align: justify;\">Va ser una jornada molt interessant on els mestres ens van ajudar i van donar suport en tot el necessari. Aix\u00ed \u00e9s molt f\u00e0cil divulgar els benecificis del nostre medi ambient i la necessitat de conservar en tot el seu ampli espectre. <a href=\"http:\/\/www.internatura.org\/perdicera\/fase_educativa.html#lapobla\">\u00a0http:\/\/www.internatura.org\/perdicera\/fase_educativa.html#lapobla<\/a><\/p>\n<p style=\"text-align: justify;\"><a href=\"http:\/\/www.internatura.org\/blog\/wp-content\/uploads\/2017\/01\/Hf-escolaPobla-4.jpg\" rel=\"attachment wp-att-5660\" data-rel=\"lightbox-image-2\" data-rl_title=\"\" data-rl_caption=\"\" title=\"\">\u00a0<\/a><a href=\"http:\/\/www.internatura.org\/blog\/wp-content\/uploads\/2017\/01\/Hf-escolaPObla-3.jpg\" rel=\"litghbox\" data-rel=\"lightbox-image-3\" data-rl_title=\"\" data-rl_caption=\"\" title=\"\"><img decoding=\"async\" loading=\"lazy\" class=\"alignnone wp-image-5659 size-thumbnail\" src=\"http:\/\/www.internatura.org\/blog\/wp-content\/uploads\/2017\/01\/Hf-escolaPObla-3-150x150.jpg\" alt=\"Hf-escolaPObla-3\" width=\"150\" height=\"150\" \/><\/a><a href=\"http:\/\/www.internatura.org\/blog\/wp-content\/uploads\/2017\/01\/Hf-escolaPobla-4.jpg\" rel=\"attachment wp-att-5660\" data-rel=\"lightbox-image-2\" data-rl_title=\"\" data-rl_caption=\"\" title=\"\">\u00a0<\/a><a href=\"http:\/\/www.internatura.org\/blog\/wp-content\/uploads\/2017\/01\/Hf-escolaPobla-4.jpg\" rel=\"litghbox\" data-rel=\"lightbox-image-5\" data-rl_title=\"\" data-rl_caption=\"\" title=\"\"><img decoding=\"async\" loading=\"lazy\" class=\"alignnone wp-image-5660 size-thumbnail\" src=\"http:\/\/www.internatura.org\/blog\/wp-content\/uploads\/2017\/01\/Hf-escolaPobla-4-150x150.jpg\" alt=\"Hf-escolaPobla-4\" width=\"150\" height=\"150\" \/><\/a><\/p>\n","protected":false},"excerpt":{"rendered":"<p>El passat 10 de novembre membres del grup GER-EA de Vila-real i de APNAL-EA de Vinar\u00f2s, vam realitzar una activitat d&#8217;educaci\u00f3, sensibilitzaci\u00f3 i informaci\u00f3 del medi ambient, dins el Projecte de \u00abRecuperaci\u00f3 de territoris de cria abandonats d&#8217;\u00e0guila de panxa blanca a Castell\u00f3\u00ab, a l&#8217;escola de la Pobla de Tornesa. \u2026 <a class=\"continue-reading-link\" href=\"https:\/\/internatura.org\/blog\/?p=5655\"> Continuar leyendo <span class=\"meta-nav\">&rarr; <\/span><\/a><\/p>\n","protected":false},"author":1,"featured_media":0,"comment_status":"closed","ping_status":"closed","sticky":false,"template":"","format":"standard","meta":[],"categories":[40],"tags":[104],"_links":{"self":[{"href":"https:\/\/internatura.org\/blog\/index.php?rest_route=\/wp\/v2\/posts\/5655"}],"collection":[{"href":"https:\/\/internatura.org\/blog\/index.php?rest_route=\/wp\/v2\/posts"}],"about":[{"href":"https:\/\/internatura.org\/blog\/index.php?rest_route=\/wp\/v2\/types\/post"}],"author":[{"embeddable":true,"href":"https:\/\/internatura.org\/blog\/index.php?rest_route=\/wp\/v2\/users\/1"}],"replies":[{"embeddable":true,"href":"https:\/\/internatura.org\/blog\/index.php?rest_route=%2Fwp%2Fv2%2Fcomments&post=5655"}],"version-history":[{"count":6,"href":"https:\/\/internatura.org\/blog\/index.php?rest_route=\/wp\/v2\/posts\/5655\/revisions"}],"predecessor-version":[{"id":5970,"href":"https:\/\/internatura.org\/blog\/index.php?rest_route=\/wp\/v2\/posts\/5655\/revisions\/5970"}],"wp:attachment":[{"href":"https:\/\/internatura.org\/blog\/index.php?rest_route=%2Fwp%2Fv2%2Fmedia&parent=5655"}],"wp:term":[{"taxonomy":"category","embeddable":true,"href":"https:\/\/internatura.org\/blog\/index.php?rest_route=%2Fwp%2Fv2%2Fcategories&post=5655"},{"taxonomy":"post_tag","embeddable":true,"href":"https:\/\/internatura.org\/blog\/index.php?rest_route=%2Fwp%2Fv2%2Ftags&post=5655"}],"curies":[{"name":"wp","href":"https:\/\/api.w.org\/{rel}","templated":true}]}}