{"id":5670,"date":"2016-11-19T17:58:39","date_gmt":"2016-11-19T17:58:39","guid":{"rendered":"http:\/\/www.internatura.org\/blog\/?page_id=5670"},"modified":"2017-01-22T22:21:45","modified_gmt":"2017-01-22T22:21:45","slug":"projecte-aguila-de-panxa-blanca-col%c2%b7locacio-del-niu-artificial-al-tallat-19112016","status":"publish","type":"post","link":"https:\/\/internatura.org\/blog\/?p=5670","title":{"rendered":"Projecte \u00e0guila de panxa blanca. Col\u00b7locaci\u00f3 del niu artificial al tallat 19\/11\/2016."},"content":{"rendered":"<p style=\"text-align: justify;\"><a href=\"http:\/\/www.internatura.org\/blog\/wp-content\/uploads\/2017\/01\/Hf-niu-19-11-2016-.jpg\" rel=\"litghbox\" data-rel=\"lightbox-image-0\" data-rl_title=\"\" data-rl_caption=\"\" title=\"\"><img decoding=\"async\" loading=\"lazy\" class=\"alignleft wp-image-5686 size-thumbnail\" src=\"http:\/\/www.internatura.org\/blog\/wp-content\/uploads\/2017\/01\/Hf-niu-19-11-2016--150x150.jpg\" alt=\"Hf-niu-19-11-2016-\" width=\"150\" height=\"150\" \/><\/a><a href=\"http:\/\/www.internatura.org\/blog\/wp-content\/uploads\/2017\/01\/Hf-niu-sergio-19-11-2016-.jpg\" rel=\"litghbox\" data-rel=\"lightbox-image-1\" data-rl_title=\"\" data-rl_caption=\"\" title=\"\"><img decoding=\"async\" loading=\"lazy\" class=\"alignright wp-image-5674 size-thumbnail\" src=\"http:\/\/www.internatura.org\/blog\/wp-content\/uploads\/2017\/01\/Hf-niu-sergio-19-11-2016--150x150.jpg\" alt=\"Hf-niu-sergio-19-11-2016-\" width=\"150\" height=\"150\" \/><\/a>Per fi va arribar el dia, despr\u00e9s de diversos mesos presentant escrits a les diferents\u00a0administracions, en el que ens va concedir l&#8217;autoritzaci\u00f3 de la Direcci\u00f3 Territorial de la Conselleria de Medi Ambient per desenvolupar el projecte i col\u00b7locar el niu artificial.<\/p>\n<p style=\"text-align: justify;\">Fins a arribar a aquest punt, han estat molts els companys del GER-EA que hem estat treballant en silenci, primer per tenir tot el material divulgatiu i impartir les xarrades a les escoles dels pobles propers, i posteriorment per tenir el niu artificial i el cimbell, per col\u00b7locar-ho al tallat on criaven les \u00e0guiles i pretenem que es recupere per una nova parella.<\/p>\n<p style=\"text-align: justify;\"><a href=\"http:\/\/www.internatura.org\/blog\/wp-content\/uploads\/2017\/01\/Hf-19-11-2016-l.jpg\" rel=\"litghbox\" data-rel=\"lightbox-image-2\" data-rl_title=\"\" data-rl_caption=\"\" title=\"\"><img decoding=\"async\" loading=\"lazy\" class=\"alignnone wp-image-5693 size-thumbnail\" src=\"http:\/\/www.internatura.org\/blog\/wp-content\/uploads\/2017\/01\/Hf-19-11-2016-l-150x150.jpg\" alt=\"Hf-19-11-2016-l\" width=\"150\" height=\"150\" \/><\/a>\u00a0<a href=\"http:\/\/www.internatura.org\/blog\/wp-content\/uploads\/2017\/01\/Hf-niu-a-19-11-2016.jpg\" rel=\"litghbox\" data-rel=\"lightbox-image-3\" data-rl_title=\"\" data-rl_caption=\"\" title=\"\"><img decoding=\"async\" loading=\"lazy\" class=\"alignnone wp-image-5694 size-thumbnail\" src=\"http:\/\/www.internatura.org\/blog\/wp-content\/uploads\/2017\/01\/Hf-niu-a-19-11-2016-150x150.jpg\" alt=\"Hf-niu-a-19-11-2016\" width=\"150\" height=\"150\" \/>\u00a0<img decoding=\"async\" loading=\"lazy\" class=\"alignnone wp-image-5683 size-thumbnail\" src=\"http:\/\/www.internatura.org\/blog\/wp-content\/uploads\/2017\/01\/Hf-Escala-18-11-2016-IMG_58-150x150.jpg\" alt=\"Hf-Escala-18-11-2016-IMG_58\" width=\"150\" height=\"150\" \/><\/a>\u00a0<a href=\"http:\/\/www.internatura.org\/blog\/wp-content\/uploads\/2017\/01\/Hf-sergio-19-11-2016-lluis-.jpg\" rel=\"litghbox\" data-rel=\"lightbox-image-4\" data-rl_title=\"\" data-rl_caption=\"\" title=\"\"><img decoding=\"async\" loading=\"lazy\" class=\"alignnone wp-image-5676 size-thumbnail\" src=\"http:\/\/www.internatura.org\/blog\/wp-content\/uploads\/2017\/01\/Hf-sergio-19-11-2016-lluis--150x150.jpg\" alt=\"Hf-sergio-19-11-2016-lluis-\" width=\"150\" height=\"150\" \/><\/a>\u00a0<a href=\"http:\/\/www.internatura.org\/blog\/wp-content\/uploads\/2017\/01\/Hf-19-11-2016-ll.jpg\" rel=\"litghbox\" data-rel=\"lightbox-image-5\" data-rl_title=\"\" data-rl_caption=\"\" title=\"\"><img decoding=\"async\" loading=\"lazy\" class=\"alignnone wp-image-5697 size-thumbnail\" src=\"http:\/\/www.internatura.org\/blog\/wp-content\/uploads\/2017\/01\/Hf-19-11-2016-ll-150x150.jpg\" alt=\"Hf-19-11-2016-ll\" width=\"150\" height=\"150\" \/><\/a><\/p>\n<p style=\"text-align: justify;\"><a href=\"http:\/\/www.internatura.org\/blog\/wp-content\/uploads\/2017\/01\/Hf-sergio-niu-aaa-19-11-2016-lluis-.jpg.jpg\" rel=\"litghbox\" data-rel=\"lightbox-image-6\" data-rl_title=\"\" data-rl_caption=\"\" title=\"\"><img decoding=\"async\" loading=\"lazy\" class=\"alignleft wp-image-5679 size-thumbnail\" src=\"http:\/\/www.internatura.org\/blog\/wp-content\/uploads\/2017\/01\/Hf-sergio-niu-aaa-19-11-2016-lluis-.jpg-150x150.jpg\" alt=\"Hf-sergio-niu-aaa-19-11-2016-lluis-.jpg\" width=\"150\" height=\"150\" \/><\/a><\/p>\n<p style=\"text-align: justify;\"><a href=\"http:\/\/www.internatura.org\/blog\/wp-content\/uploads\/2017\/01\/HF-19-11-2016-.jpg\" rel=\"litghbox\" data-rel=\"lightbox-image-7\" data-rl_title=\"\" data-rl_caption=\"\" title=\"\"><img decoding=\"async\" loading=\"lazy\" class=\"alignright wp-image-5680 size-thumbnail\" src=\"http:\/\/www.internatura.org\/blog\/wp-content\/uploads\/2017\/01\/HF-19-11-2016--150x150.jpg\" alt=\"HF-19-11-2016-\" width=\"150\" height=\"150\" \/><\/a>El dia anterior ens desplacem per col\u00b7locar les piquetes a la paret i aix\u00ed facilitar el treball el dia de col\u00b7locaci\u00f3 del niu artificial.<\/p>\n<p style=\"text-align: justify;\">Quedem a les 7 h. del mat\u00ed a Vila-real i des d&#8217;all\u00ed ens vam despla\u00e7ar a la zona. En arribar a la part alta del tallat amb tot el material a utilitzar, Sergio Pe\u00f1a prepara el material d&#8217;escalada per poder baixar i instal\u00b7lar el niu artificial, una obra d&#8217;enginyeria.<\/p>\n<p style=\"text-align: justify;\"><a href=\"http:\/\/www.internatura.org\/blog\/wp-content\/uploads\/2017\/01\/Hf-rames-19-11-2016-.jpg\" rel=\"litghbox\" data-rel=\"lightbox-image-8\" data-rl_title=\"\" data-rl_caption=\"\" title=\"\"><img decoding=\"async\" loading=\"lazy\" class=\"alignright wp-image-5681 size-thumbnail\" src=\"http:\/\/www.internatura.org\/blog\/wp-content\/uploads\/2017\/01\/Hf-rames-19-11-2016--150x150.jpg\" alt=\"Hf-rames-19-11-2016-\" width=\"150\" height=\"150\" \/><\/a>Es va decidir col\u00b7locar el niu una mica m\u00e9s elevat del que tenien les \u00e0guiles i sota d&#8217;una lleixa perqu\u00e8 estigu\u00e9s protegit de les inclem\u00e8ncies meterol\u00f2giques (pluja, vent, etc.).<\/p>\n<p style=\"text-align: justify;\">Uns de nosaltres ens dediquem a facilitar el material a Sergio, mentre altres companys filmaven tota l&#8217;activitat en punts arriscats enmig del tallat, utilitzant c\u00e0meres de v\u00eddeo i un dron.<\/p>\n<p style=\"text-align: justify;\">Vam estar tot el mat\u00ed per a la instal\u00b7laci\u00f3 del niu artificial, al final amb gran esfor\u00e7 per tots, acabem d&#8217;omplir-de material vegetal, i ens vam traslladar al poble de la Pobla de Tornesa a menjar un entrep\u00e0 molt merescut.\u00a0Mentre est\u00e0vem muntant el niu vam tenir la grata sorpresa de veure a 4 aligots i un \u00e0guila de panxa blanca al costat d&#8217;un corb, volant per dalt dels nostres caps, tot un espectacle.<a href=\"http:\/\/www.internatura.org\/blog\/wp-content\/uploads\/2017\/01\/Hf-Inmatu-aa-19-11-2016.jpg\" rel=\"litghbox\" data-rel=\"lightbox-image-9\" data-rl_title=\"\" data-rl_caption=\"\" title=\"\"><img decoding=\"async\" loading=\"lazy\" class=\"alignright wp-image-5684 size-thumbnail\" src=\"http:\/\/www.internatura.org\/blog\/wp-content\/uploads\/2017\/01\/Hf-Inmatu-aa-19-11-2016-150x150.jpg\" alt=\"Hf-Inmatu-aa-19-11-2016\" width=\"150\" height=\"150\" \/><\/a><\/p>\n<p style=\"text-align: justify;\">Tota una aventura per\u00f2 al final ho vam aconseguir, \u00e9s el primer pas del projecte de \u00ab<em>Recuperaci\u00f3 d&#8217;un territori abandonat de cria d&#8217;\u00e0guila de panxa blanca a Castell\u00f3<\/em>\u00ab.<\/p>\n<p style=\"text-align: justify;\"><a href=\"http:\/\/www.internatura.org\/blog\/wp-content\/uploads\/2017\/01\/Hf-grup-19-11-2016-.jpg\" rel=\"litghbox\" data-rel=\"lightbox-image-10\" data-rl_title=\"\" data-rl_caption=\"\" title=\"\"><img decoding=\"async\" loading=\"lazy\" class=\"alignleft wp-image-5678 size-thumbnail\" src=\"http:\/\/www.internatura.org\/blog\/wp-content\/uploads\/2017\/01\/Hf-grup-19-11-2016--150x150.jpg\" alt=\"Hf-grup-19-11-2016-\" width=\"150\" height=\"150\" \/><\/a>Els companys del GER-EA que ens desplacem van ser: Juan Luis Bort, Juanvi Capella, Sergi Marz\u00e1, Sergio Pe\u00f1a, Fernando Ramia, Marta Ib\u00e1\u00f1ez, Jos\u00e9 Velez i Josep Bort.<\/p>\n<p style=\"text-align: justify;\">Per a m\u00e8s informaci\u00f3:\u00a0<a href=\"https:\/\/www.youtube.com\/watch?v=ud6dsW4_Qbk\" data-rel=\"lightbox-video-0\">https:\/\/www.youtube.com\/watch?v=ud6dsW4_Qbk<\/a><\/p>\n<p style=\"text-align: justify;\">\n","protected":false},"excerpt":{"rendered":"<p>Per fi va arribar el dia, despr\u00e9s de diversos mesos presentant escrits a les diferents\u00a0administracions, en el que ens va concedir l&#8217;autoritzaci\u00f3 de la Direcci\u00f3 Territorial de la Conselleria de Medi Ambient per desenvolupar el projecte i col\u00b7locar el niu artificial. Fins a arribar a aquest punt, han estat molts \u2026 <a class=\"continue-reading-link\" href=\"https:\/\/internatura.org\/blog\/?p=5670\"> Continuar leyendo <span class=\"meta-nav\">&rarr; <\/span><\/a><\/p>\n","protected":false},"author":1,"featured_media":0,"comment_status":"closed","ping_status":"closed","sticky":false,"template":"","format":"standard","meta":[],"categories":[12],"tags":[16],"_links":{"self":[{"href":"https:\/\/internatura.org\/blog\/index.php?rest_route=\/wp\/v2\/posts\/5670"}],"collection":[{"href":"https:\/\/internatura.org\/blog\/index.php?rest_route=\/wp\/v2\/posts"}],"about":[{"href":"https:\/\/internatura.org\/blog\/index.php?rest_route=\/wp\/v2\/types\/post"}],"author":[{"embeddable":true,"href":"https:\/\/internatura.org\/blog\/index.php?rest_route=\/wp\/v2\/users\/1"}],"replies":[{"embeddable":true,"href":"https:\/\/internatura.org\/blog\/index.php?rest_route=%2Fwp%2Fv2%2Fcomments&post=5670"}],"version-history":[{"count":14,"href":"https:\/\/internatura.org\/blog\/index.php?rest_route=\/wp\/v2\/posts\/5670\/revisions"}],"predecessor-version":[{"id":5960,"href":"https:\/\/internatura.org\/blog\/index.php?rest_route=\/wp\/v2\/posts\/5670\/revisions\/5960"}],"wp:attachment":[{"href":"https:\/\/internatura.org\/blog\/index.php?rest_route=%2Fwp%2Fv2%2Fmedia&parent=5670"}],"wp:term":[{"taxonomy":"category","embeddable":true,"href":"https:\/\/internatura.org\/blog\/index.php?rest_route=%2Fwp%2Fv2%2Fcategories&post=5670"},{"taxonomy":"post_tag","embeddable":true,"href":"https:\/\/internatura.org\/blog\/index.php?rest_route=%2Fwp%2Fv2%2Ftags&post=5670"}],"curies":[{"name":"wp","href":"https:\/\/api.w.org\/{rel}","templated":true}]}}