{"id":5709,"date":"2016-11-23T19:57:10","date_gmt":"2016-11-23T19:57:10","guid":{"rendered":"http:\/\/www.internatura.org\/blog\/?page_id=5709"},"modified":"2017-01-22T22:06:30","modified_gmt":"2017-01-22T22:06:30","slug":"projecte-aguila-de-panxa-blanca-col%c2%b7locacio-del-esquer-23112016","status":"publish","type":"post","link":"https:\/\/internatura.org\/blog\/?p=5709","title":{"rendered":"Projecte \u00e0guila de panxa blanca. Col\u00b7locaci\u00f3 del cimbell. 23\/11\/2016"},"content":{"rendered":"<p style=\"text-align: justify;\"><a href=\"http:\/\/www.internatura.org\/blog\/wp-content\/uploads\/2017\/01\/Hf-niu-Marta-b-22-11-2016.jpg\" rel=\"ligthbox\" data-rel=\"lightbox-image-0\" data-rl_title=\"\" data-rl_caption=\"\" title=\"\"><img decoding=\"async\" loading=\"lazy\" class=\"alignleft wp-image-5710 size-thumbnail\" src=\"http:\/\/www.internatura.org\/blog\/wp-content\/uploads\/2017\/01\/Hf-niu-Marta-b-22-11-2016-150x150.jpg\" alt=\"Hf-niu-Marta-b-22-11-2016\" width=\"150\" height=\"150\" \/><\/a>Seguint amb el projecte de \u00ab<em>Recuperaci\u00f3 dels territoris de cria abandonats d&#8217;\u00e0guila de panxa blanca a Castell\u00f3<\/em>\u00ab, aquest cop ens desplacem a la zona per col\u00b7locar el\u00a0cimbell \u00abescultura d&#8217;\u00e0guila de ciment\u00bb, realitzada per la nostra companya Marta Ib\u00e1\u00f1ez, tota una obra d&#8217;art.<\/p>\n<p style=\"text-align: justify;\">El dia anterior Marta ens va explicar detalladament com es va realitzar l&#8217;escultura i que materials va utilitzar.<\/p>\n<p style=\"text-align: justify;\">Podeu llegir el proc\u00e9s en detall en aquesta p\u00e0gina:<br \/>\n\u00ab<em><a href=\"http:\/\/www.internatura.org\/perdicera\/const-cimbell.html\">Proc\u00e9s d&#8217;elaboraci\u00f3 del \u00abcimbell\u00bb d&#8217;\u00e0guila-azor perdiguera<\/a><\/em>\u00ab.<\/p>\n<p><a href=\"http:\/\/www.internatura.org\/blog\/wp-content\/uploads\/2017\/01\/Hf-niu-Marta-22-11-2016.jpg\" rel=\"ligthbox\" data-rel=\"lightbox-image-1\" data-rl_title=\"\" data-rl_caption=\"\" title=\"\"><img decoding=\"async\" loading=\"lazy\" class=\"alignnone wp-image-5711 size-thumbnail\" src=\"http:\/\/www.internatura.org\/blog\/wp-content\/uploads\/2017\/01\/Hf-niu-Marta-22-11-2016-150x150.jpg\" alt=\"Hf-niu-Marta-22-11-2016\" width=\"150\" height=\"150\" \/><\/a>\u00a0<a href=\"http:\/\/www.internatura.org\/blog\/wp-content\/uploads\/2017\/01\/Hf-niu-Marta-d-22-11-2016.jpg\" rel=\"ligthbox\" data-rel=\"lightbox-image-2\" data-rl_title=\"\" data-rl_caption=\"\" title=\"\"><img decoding=\"async\" loading=\"lazy\" class=\"alignnone wp-image-5712 size-thumbnail\" src=\"http:\/\/www.internatura.org\/blog\/wp-content\/uploads\/2017\/01\/Hf-niu-Marta-d-22-11-2016-150x150.jpg\" alt=\"Hf-niu-Marta-d-22-11-2016\" width=\"150\" height=\"150\" \/><\/a>\u00a0<a href=\"http:\/\/www.internatura.org\/blog\/wp-content\/uploads\/2017\/01\/Hf-niu-Marta-g-22-11-2016.jpg\" rel=\"ligthbox\" data-rel=\"lightbox-image-3\" data-rl_title=\"\" data-rl_caption=\"\" title=\"\"><img decoding=\"async\" loading=\"lazy\" class=\"alignnone wp-image-5713 size-thumbnail\" src=\"http:\/\/www.internatura.org\/blog\/wp-content\/uploads\/2017\/01\/Hf-niu-Marta-g-22-11-2016-150x150.jpg\" alt=\"Hf-niu-Marta-g-22-11-2016\" width=\"150\" height=\"150\" \/><\/a><\/p>\n<p><a href=\"http:\/\/www.internatura.org\/blog\/wp-content\/uploads\/2017\/01\/HF-niu-ninot-d-23-11-2016-.jpg\" rel=\"ligthbox\" data-rel=\"lightbox-image-4\" data-rl_title=\"\" data-rl_caption=\"\" title=\"\"><img decoding=\"async\" loading=\"lazy\" class=\"alignleft wp-image-5720 size-thumbnail\" src=\"http:\/\/www.internatura.org\/blog\/wp-content\/uploads\/2017\/01\/HF-niu-ninot-d-23-11-2016--150x150.jpg\" alt=\"HF-niu-ninot-d-23-11-2016-\" width=\"150\" height=\"150\" \/><\/a>El dia 23\/11\/2016, sota una fina cortina de pluja ens vam traslladar\u00a0al tallat del projecte, Juan Luis Bort, Juanvi Capella, Sergi Marz\u00e1 i Josep Bort, l&#8217;objectiu era col\u00b7locar el cimbell, en una zona elevada perqu\u00e8 es vei\u00e9s des de lluny.<\/p>\n<p>L&#8217;objectiu del cimbell era doble: d&#8217;una banda que serv\u00eds de atraient a individus de les mateixa esp\u00e8cie immadurs i subadults, i en segon lloc que fes de filtre perqu\u00e8 no entressin esp\u00e8cies diferents a l&#8217;\u00e0guila de panxa blanca a menjador i al niu.<\/p>\n<p>&nbsp;<\/p>\n<p><a href=\"http:\/\/www.internatura.org\/blog\/wp-content\/uploads\/2017\/01\/HF-niu-ninot-a-23-11-2016-.jpg\" rel=\"ligthbox\" data-rel=\"lightbox-image-5\" data-rl_title=\"\" data-rl_caption=\"\" title=\"\"><img decoding=\"async\" loading=\"lazy\" class=\"alignnone wp-image-5718 size-thumbnail\" src=\"http:\/\/www.internatura.org\/blog\/wp-content\/uploads\/2017\/01\/HF-niu-ninot-a-23-11-2016--150x150.jpg\" alt=\"HF-niu-ninot-a-23-11-2016-\" width=\"150\" height=\"150\" \/><\/a>\u00a0<a href=\"http:\/\/www.internatura.org\/blog\/wp-content\/uploads\/2017\/01\/HF-niu-ninot-b-23-11-2016-.jpg\" rel=\"ligthbox\" data-rel=\"lightbox-image-6\" data-rl_title=\"\" data-rl_caption=\"\" title=\"\"><img decoding=\"async\" loading=\"lazy\" class=\"alignnone wp-image-5717 size-thumbnail\" src=\"http:\/\/www.internatura.org\/blog\/wp-content\/uploads\/2017\/01\/HF-niu-ninot-b-23-11-2016--150x150.jpg\" alt=\"HF-niu-ninot-b-23-11-2016-\" width=\"150\" height=\"150\" \/><\/a>\u00a0<a href=\"http:\/\/www.internatura.org\/blog\/wp-content\/uploads\/2017\/01\/HF-niu-ninot-23-11-2016-.jpg\" rel=\"ligthbox\" data-rel=\"lightbox-image-7\" data-rl_title=\"\" data-rl_caption=\"\" title=\"\"><img decoding=\"async\" loading=\"lazy\" class=\"alignnone wp-image-5719 size-thumbnail\" src=\"http:\/\/www.internatura.org\/blog\/wp-content\/uploads\/2017\/01\/HF-niu-ninot-23-11-2016--150x150.jpg\" alt=\"HF-niu-ninot-23-11-2016-\" width=\"150\" height=\"150\" \/><\/a>\u00a0<a href=\"http:\/\/www.internatura.org\/blog\/wp-content\/uploads\/2017\/01\/Hf-niu-colom-25-11-2016-.jpg\" rel=\"ligthbox\" data-rel=\"lightbox-image-8\" data-rl_title=\"\" data-rl_caption=\"\" title=\"\"><img decoding=\"async\" loading=\"lazy\" class=\"alignnone wp-image-5725 size-thumbnail\" src=\"http:\/\/www.internatura.org\/blog\/wp-content\/uploads\/2017\/01\/Hf-niu-colom-25-11-2016--150x150.jpg\" alt=\"Hf-niu-colom-25-11-2016-\" width=\"150\" height=\"150\" \/><\/a><\/p>\n<p>Un cop col\u00b7locat el cimbell nom\u00e9s ens faltava col\u00b7locar el menjador, on pretenem col\u00b7locar coloms, conills localitzats atropellats\u00a0i trossos de carn, com atraient de les \u00e0guiles de panxa blanca que es moguessin per la zona.<\/p>\n<p>El menjador s&#8217;ha col\u00b7locat a una distancia de 4 metres del cimbell, perqu\u00e8 les rapinyaires, especialment \u00e0guiles de panxa blanca, puguen alimentar-se m\u00e9s o menys amb tranquil\u00b7litat, mentre que les altres esp\u00e8cies no ho feren.<\/p>\n<p><a href=\"http:\/\/www.internatura.org\/blog\/wp-content\/uploads\/2017\/01\/Hf-niu-25-11-2016.jpg\" rel=\"ligthbox\" data-rel=\"lightbox-image-9\" data-rl_title=\"\" data-rl_caption=\"\" title=\"\"><img decoding=\"async\" loading=\"lazy\" class=\"alignright wp-image-5724 size-thumbnail\" src=\"http:\/\/www.internatura.org\/blog\/wp-content\/uploads\/2017\/01\/Hf-niu-25-11-2016-150x150.jpg\" alt=\"Hf-niu-25-11-2016\" width=\"150\" height=\"150\" \/><\/a><a href=\"http:\/\/www.internatura.org\/blog\/wp-content\/uploads\/2017\/01\/Hf-Sergio-19-11-2016-a-1.jpg\" rel=\"ligthbox\" data-rel=\"lightbox-image-10\" data-rl_title=\"\" data-rl_caption=\"\" title=\"\"><img decoding=\"async\" loading=\"lazy\" class=\"alignright wp-image-5722 size-thumbnail\" src=\"http:\/\/www.internatura.org\/blog\/wp-content\/uploads\/2017\/01\/Hf-Sergio-19-11-2016-a-1-150x150.jpg\" alt=\"Hf-Sergio-19-11-2016-a-1\" width=\"150\" height=\"150\" \/><\/a>Despr\u00e9s de col\u00b7locar l&#8217;esquer, ens desplacem a la part baixa del tallat per veure com estava el niu artificial i si la posici\u00f3 del cimbell era prou cridanera des de lluny. Al final tot correcte i ens vam anar a casa amb la sensaci\u00f3 que el projecte pot fer-se realitat despr\u00e9s de tants mesos de treball.<\/p>\n<p>&nbsp;<\/p>\n","protected":false},"excerpt":{"rendered":"<p>Seguint amb el projecte de \u00abRecuperaci\u00f3 dels territoris de cria abandonats d&#8217;\u00e0guila de panxa blanca a Castell\u00f3\u00ab, aquest cop ens desplacem a la zona per col\u00b7locar el\u00a0cimbell \u00abescultura d&#8217;\u00e0guila de ciment\u00bb, realitzada per la nostra companya Marta Ib\u00e1\u00f1ez, tota una obra d&#8217;art. El dia anterior Marta ens va explicar detalladament \u2026 <a class=\"continue-reading-link\" href=\"https:\/\/internatura.org\/blog\/?p=5709\"> Continuar leyendo <span class=\"meta-nav\">&rarr; <\/span><\/a><\/p>\n","protected":false},"author":1,"featured_media":0,"comment_status":"closed","ping_status":"closed","sticky":false,"template":"","format":"standard","meta":[],"categories":[12],"tags":[16],"_links":{"self":[{"href":"https:\/\/internatura.org\/blog\/index.php?rest_route=\/wp\/v2\/posts\/5709"}],"collection":[{"href":"https:\/\/internatura.org\/blog\/index.php?rest_route=\/wp\/v2\/posts"}],"about":[{"href":"https:\/\/internatura.org\/blog\/index.php?rest_route=\/wp\/v2\/types\/post"}],"author":[{"embeddable":true,"href":"https:\/\/internatura.org\/blog\/index.php?rest_route=\/wp\/v2\/users\/1"}],"replies":[{"embeddable":true,"href":"https:\/\/internatura.org\/blog\/index.php?rest_route=%2Fwp%2Fv2%2Fcomments&post=5709"}],"version-history":[{"count":14,"href":"https:\/\/internatura.org\/blog\/index.php?rest_route=\/wp\/v2\/posts\/5709\/revisions"}],"predecessor-version":[{"id":5956,"href":"https:\/\/internatura.org\/blog\/index.php?rest_route=\/wp\/v2\/posts\/5709\/revisions\/5956"}],"wp:attachment":[{"href":"https:\/\/internatura.org\/blog\/index.php?rest_route=%2Fwp%2Fv2%2Fmedia&parent=5709"}],"wp:term":[{"taxonomy":"category","embeddable":true,"href":"https:\/\/internatura.org\/blog\/index.php?rest_route=%2Fwp%2Fv2%2Fcategories&post=5709"},{"taxonomy":"post_tag","embeddable":true,"href":"https:\/\/internatura.org\/blog\/index.php?rest_route=%2Fwp%2Fv2%2Ftags&post=5709"}],"curies":[{"name":"wp","href":"https:\/\/api.w.org\/{rel}","templated":true}]}}