{"id":5737,"date":"2016-12-15T20:35:57","date_gmt":"2016-12-15T20:35:57","guid":{"rendered":"http:\/\/www.internatura.org\/blog\/?page_id=5737"},"modified":"2017-01-22T21:33:21","modified_gmt":"2017-01-22T21:33:21","slug":"educacio-ambiental-taller-de-caixes-niu-a-les-escoles-15122016","status":"publish","type":"post","link":"https:\/\/internatura.org\/blog\/?p=5737","title":{"rendered":"Educaci\u00f3 Ambiental. Taller de caixes niu a les escoles. 15\/12\/2016"},"content":{"rendered":"<p style=\"text-align: justify;\"><a href=\"http:\/\/www.internatura.org\/blog\/wp-content\/uploads\/2017\/01\/Hf-Escola-Vilanova-15-12-20.jpg\" rel=\"ligthbox\" data-rel=\"lightbox-image-0\" data-rl_title=\"\" data-rl_caption=\"\" title=\"\"><img decoding=\"async\" loading=\"lazy\" class=\"alignleft wp-image-5740 size-thumbnail\" src=\"http:\/\/www.internatura.org\/blog\/wp-content\/uploads\/2017\/01\/Hf-Escola-Vilanova-15-12-20-150x150.jpg\" alt=\"Hf-Escola-Vilanova-15-12-20\" width=\"150\" height=\"150\" \/><\/a><a href=\"http:\/\/www.internatura.org\/blog\/wp-content\/uploads\/2017\/01\/Hf-Escola-c-Vilanova-15-12-.jpg\" rel=\"ligthbox\" data-rel=\"lightbox-image-1\" data-rl_title=\"\" data-rl_caption=\"\" title=\"\"><img decoding=\"async\" loading=\"lazy\" class=\"alignright wp-image-5741 size-thumbnail\" src=\"http:\/\/www.internatura.org\/blog\/wp-content\/uploads\/2017\/01\/Hf-Escola-c-Vilanova-15-12--150x150.jpg\" alt=\"Hf-Escola-c-Vilanova-15-12-\" width=\"150\" height=\"150\" \/><\/a>El passat 15 de desembre membres del GER-EA ens vam despla\u00e7ar a l&#8217;escola de la localitat de Vilanova d&#8217;Alcolea a realitzar dins el projecte \u00abRecuperaci\u00f3 de territoris abandonats de cria d&#8217;\u00e0guila de panxa blanca a Castell\u00f3\u00bb, un taller de construcci\u00f3 de caixes niu.<\/p>\n<p style=\"text-align: justify;\">Es van realitzar dos grups d&#8217;alumnes, un 3 a 6 anys i un altre de 7 a 10 anys, fent part\u00edcip en tot moment als alumnes i als propis mestres en la confecci\u00f3 de les caixes nius.<\/p>\n<p style=\"text-align: justify;\">Es van construir caixes per a petits passeriformes, especialment Totestiu (<em><a href=\"http:\/\/www.internatura.org\/aocv\/ficha.php?idesp=298\">Parus major<\/a><\/em>).<\/p>\n<p style=\"text-align: justify;\"><a href=\"http:\/\/www.internatura.org\/blog\/wp-content\/uploads\/2017\/01\/Hf-Escola-gg-Vilanova-15-12-1.jpg\" rel=\"ligthbox\" data-rel=\"lightbox-image-2\" data-rl_title=\"\" data-rl_caption=\"\" title=\"\"><img decoding=\"async\" loading=\"lazy\" class=\"alignnone wp-image-5744 size-thumbnail\" src=\"http:\/\/www.internatura.org\/blog\/wp-content\/uploads\/2017\/01\/Hf-Escola-gg-Vilanova-15-12-1-150x150.jpg\" alt=\"Hf-Escola-gg-Vilanova-15-12\" width=\"150\" height=\"150\" \/><\/a>\u00a0<a href=\"http:\/\/www.internatura.org\/blog\/wp-content\/uploads\/2017\/01\/Hf-Escola-ddd-Vilanova-15-1.jpg\" rel=\"ligthbox\" data-rel=\"lightbox-image-3\" data-rl_title=\"\" data-rl_caption=\"\" title=\"\"><img decoding=\"async\" loading=\"lazy\" class=\"alignnone wp-image-5747 size-thumbnail\" src=\"http:\/\/www.internatura.org\/blog\/wp-content\/uploads\/2017\/01\/Hf-Escola-ddd-Vilanova-15-1-150x150.jpg\" alt=\"Hf-Escola-ddd-Vilanova-15-1\" width=\"150\" height=\"150\" \/><\/a>\u00a0<a href=\"http:\/\/www.internatura.org\/blog\/wp-content\/uploads\/2017\/01\/Hf-Escola-dd-Vilanova-15-12.jpg\" rel=\"ligthbox\" data-rel=\"lightbox-image-4\" data-rl_title=\"\" data-rl_caption=\"\" title=\"\"><img decoding=\"async\" loading=\"lazy\" class=\"alignnone wp-image-5748 size-thumbnail\" src=\"http:\/\/www.internatura.org\/blog\/wp-content\/uploads\/2017\/01\/Hf-Escola-dd-Vilanova-15-12-150x150.jpg\" alt=\"Hf-Escola-dd-Vilanova-15-12\" width=\"150\" height=\"150\" \/><\/a>\u00a0<a href=\"http:\/\/www.internatura.org\/blog\/wp-content\/uploads\/2017\/01\/Hf-Escola-d-Vilanova-15-12-.jpg\" rel=\"ligthbox\" data-rel=\"lightbox-image-5\" data-rl_title=\"\" data-rl_caption=\"\" title=\"\"><img decoding=\"async\" loading=\"lazy\" class=\"alignnone wp-image-5746 size-thumbnail\" src=\"http:\/\/www.internatura.org\/blog\/wp-content\/uploads\/2017\/01\/Hf-Escola-d-Vilanova-15-12--150x150.jpg\" alt=\"Hf-Escola-d-Vilanova-15-12-\" width=\"150\" height=\"150\" \/><\/a>\u00a0<a href=\"http:\/\/www.internatura.org\/blog\/wp-content\/uploads\/2017\/01\/Escola-Vilanova-15-12-2016.jpg\" rel=\"ligthbox\" data-rel=\"lightbox-image-6\" data-rl_title=\"\" data-rl_caption=\"\" title=\"\"><img decoding=\"async\" loading=\"lazy\" class=\"alignnone wp-image-5745 size-thumbnail\" src=\"http:\/\/www.internatura.org\/blog\/wp-content\/uploads\/2017\/01\/Escola-Vilanova-15-12-2016-150x150.jpg\" alt=\"Escola-Vilanova-15-12-2016\" width=\"150\" height=\"150\" \/><\/a><\/p>\n<p style=\"text-align: justify;\"><a href=\"http:\/\/www.internatura.org\/blog\/wp-content\/uploads\/2017\/01\/Hf-Escola-e-Vilanova-15-12-.jpg\" rel=\"ligthbox\" data-rel=\"lightbox-image-7\" data-rl_title=\"\" data-rl_caption=\"\" title=\"\"><img decoding=\"async\" loading=\"lazy\" class=\"alignleft wp-image-5749 size-thumbnail\" src=\"http:\/\/www.internatura.org\/blog\/wp-content\/uploads\/2017\/01\/Hf-Escola-e-Vilanova-15-12--150x150.jpg\" alt=\"Hf-Escola-e-Vilanova-15-12-\" width=\"150\" height=\"150\" \/><\/a>Els xiquets van estar molt participatius en tot moment, i despr\u00e9s de la construcci\u00f3 de les caixes, les van signar i les col\u00b7loquem en els arbres del pati de l&#8217;escola. Perqu\u00e8 fossin conscients de la import\u00e0ncia de tenir cura del medi ambient i que tots podem fer petites coses per millorar-lo.<\/p>\n<p style=\"text-align: justify;\">Un cop m\u00e9s vam sortir molt emocionats del taller en veure la resposta tan positiva de tots els alumnes i el gran suport dels mestres.<\/p>\n","protected":false},"excerpt":{"rendered":"<p>El passat 15 de desembre membres del GER-EA ens vam despla\u00e7ar a l&#8217;escola de la localitat de Vilanova d&#8217;Alcolea a realitzar dins el projecte \u00abRecuperaci\u00f3 de territoris abandonats de cria d&#8217;\u00e0guila de panxa blanca a Castell\u00f3\u00bb, un taller de construcci\u00f3 de caixes niu. Es van realitzar dos grups d&#8217;alumnes, un \u2026 <a class=\"continue-reading-link\" href=\"https:\/\/internatura.org\/blog\/?p=5737\"> Continuar leyendo <span class=\"meta-nav\">&rarr; <\/span><\/a><\/p>\n","protected":false},"author":1,"featured_media":0,"comment_status":"closed","ping_status":"closed","sticky":false,"template":"","format":"standard","meta":[],"categories":[40],"tags":[104],"_links":{"self":[{"href":"https:\/\/internatura.org\/blog\/index.php?rest_route=\/wp\/v2\/posts\/5737"}],"collection":[{"href":"https:\/\/internatura.org\/blog\/index.php?rest_route=\/wp\/v2\/posts"}],"about":[{"href":"https:\/\/internatura.org\/blog\/index.php?rest_route=\/wp\/v2\/types\/post"}],"author":[{"embeddable":true,"href":"https:\/\/internatura.org\/blog\/index.php?rest_route=\/wp\/v2\/users\/1"}],"replies":[{"embeddable":true,"href":"https:\/\/internatura.org\/blog\/index.php?rest_route=%2Fwp%2Fv2%2Fcomments&post=5737"}],"version-history":[{"count":6,"href":"https:\/\/internatura.org\/blog\/index.php?rest_route=\/wp\/v2\/posts\/5737\/revisions"}],"predecessor-version":[{"id":5947,"href":"https:\/\/internatura.org\/blog\/index.php?rest_route=\/wp\/v2\/posts\/5737\/revisions\/5947"}],"wp:attachment":[{"href":"https:\/\/internatura.org\/blog\/index.php?rest_route=%2Fwp%2Fv2%2Fmedia&parent=5737"}],"wp:term":[{"taxonomy":"category","embeddable":true,"href":"https:\/\/internatura.org\/blog\/index.php?rest_route=%2Fwp%2Fv2%2Fcategories&post=5737"},{"taxonomy":"post_tag","embeddable":true,"href":"https:\/\/internatura.org\/blog\/index.php?rest_route=%2Fwp%2Fv2%2Ftags&post=5737"}],"curies":[{"name":"wp","href":"https:\/\/api.w.org\/{rel}","templated":true}]}}