{"id":5789,"date":"2016-12-31T22:32:07","date_gmt":"2016-12-31T22:32:07","guid":{"rendered":"http:\/\/www.internatura.org\/blog\/?page_id=5789"},"modified":"2017-01-22T21:04:39","modified_gmt":"2017-01-22T21:04:39","slug":"aeroport-de-castello-control-de-rapinyaires-31122016","status":"publish","type":"post","link":"https:\/\/internatura.org\/blog\/?p=5789","title":{"rendered":"Aeroport de Castell\u00f3, control de rapinyaires 31\/12\/2016"},"content":{"rendered":"<p style=\"text-align: justify;\"><a href=\"http:\/\/www.internatura.org\/blog\/wp-content\/uploads\/2017\/01\/Ratonero-31-12-2016-.jpg\" rel=\"ligthbox\" data-rel=\"lightbox-image-0\" data-rl_title=\"\" data-rl_caption=\"\" title=\"\"><img decoding=\"async\" loading=\"lazy\" class=\"wp-image-5794 size-thumbnail alignright\" src=\"http:\/\/www.internatura.org\/blog\/wp-content\/uploads\/2017\/01\/Ratonero-31-12-2016--150x150.jpg\" alt=\"Ratonero-31-12-2016-\" width=\"150\" height=\"150\" \/><\/a>Membres del GER-EA l&#8217;\u00faltim dia de l&#8217;any ens desplacem a la zona de l&#8217;aeroport de Castell\u00f3 i voltants, a realitzar el recompte usual d&#8217;aus rapinyaires a la zona.<\/p>\n<p style=\"text-align: justify;\">Les observacions m\u00e9s destacades van ser:<\/p>\n<ul>\n<li style=\"text-align: justify;\">\u00c0guila real (<em><a href=\"http:\/\/www.internatura.org\/aocv\/ficha.php?idesp=64\">Aquila chrysaetos<\/a><\/em>) : 1 ex. jove<\/li>\n<li style=\"text-align: justify;\">\u00c0guila de panxa blanca (<em><a href=\"http:\/\/www.internatura.org\/aocv\/ficha.php?idesp=61\">Aquila fasciata<\/a><\/em>): 1 inmadur<\/li>\n<li style=\"text-align: justify;\">Aligot (<em><a href=\"http:\/\/www.internatura.org\/aocv\/ficha.php?idesp=69\">Buteo buteo<\/a><\/em>): 3 ex.<\/li>\n<li style=\"text-align: justify;\">Muixeta (<em><a href=\"http:\/\/www.internatura.org\/aocv\/ficha.php?idesp=84\">Falco tinnunculus<\/a><\/em>): 1 ex.<\/li>\n<li style=\"text-align: justify;\">Astor (<em><a href=\"http:\/\/www.internatura.org\/aocv\/ficha.php?idesp=59\">Accipiter gentilis<\/a><\/em>): 1 ex.<\/li>\n<li style=\"text-align: justify;\">Esparver (<em><a href=\"http:\/\/www.internatura.org\/aocv\/ficha.php?idesp=66\">Accipiter nisus<\/a><\/em>): 2 ex.<\/li>\n<li style=\"text-align: justify;\">Esmerla (<em><a href=\"http:\/\/www.internatura.org\/aocv\/ficha.php?idesp=83\">Falco columbarius<\/a><\/em>): 1 ex.<\/li>\n<li style=\"text-align: justify;\">Cogullada vulgar (<a href=\"http:\/\/www.internatura.org\/aocv\/ficha.php?idesp=215\">Galerida cristata<\/a>): 2 ex.<\/li>\n<li style=\"text-align: justify;\">Cua-roja fumada (<a href=\"http:\/\/www.internatura.org\/aocv\/ficha.php?idesp=248\">Phoenicurus ochruros<\/a>): 1 ex.<\/li>\n<li style=\"text-align: justify;\">Cueta blanca (<a href=\"http:\/\/www.internatura.org\/aocv\/ficha.php?idesp=222\">Motacilla alba<\/a>): 14 ex.<\/li>\n<li style=\"text-align: justify;\">Pins\u00e0 (<a href=\"http:\/\/www.internatura.org\/aocv\/ficha.php?idesp=330\">Fringilla coelebs<\/a>): 50 ex.<\/li>\n<li style=\"text-align: justify;\">Gafarr\u00f3 (<a href=\"http:\/\/www.internatura.org\/aocv\/ficha.php?idesp=339\">Serinus serinus<\/a>):\u00a030 ex.<\/li>\n<li style=\"text-align: justify;\">Cagam\u00e0necs (<a href=\"http:\/\/www.internatura.org\/aocv\/ficha.php?idesp=245\">Saxicola rubicola<\/a>): 6 ex.<\/li>\n<li style=\"text-align: justify;\">Garsa (<a href=\"http:\/\/www.internatura.org\/aocv\/ficha.php?idesp=314\">Pica pica<\/a>): 18 ex.<\/li>\n<li style=\"text-align: justify;\">Tord (<a href=\"http:\/\/www.internatura.org\/aocv\/ficha.php?idesp=254\">Turdus philomelos<\/a>): 48 ex.<\/li>\n<li style=\"text-align: justify;\">Conills (<a href=\"http:\/\/www.internatura.org\/avcs\/ficha.php?idesp=8\">Oryctolagus cuniculus<\/a>): 27 vius + 1 mort.<\/li>\n<\/ul>\n<p style=\"text-align: justify;\"><a href=\"http:\/\/www.internatura.org\/blog\/wp-content\/uploads\/2017\/01\/gavila-30-12-2016IMG_0280.jpg\" rel=\"ligthbox\" data-rel=\"lightbox-image-1\" data-rl_title=\"\" data-rl_caption=\"\" title=\"\"><img decoding=\"async\" loading=\"lazy\" class=\"alignleft wp-image-5797 size-thumbnail\" src=\"http:\/\/www.internatura.org\/blog\/wp-content\/uploads\/2017\/01\/gavila-30-12-2016IMG_0280-150x150.jpg\" alt=\"gavila-30-12-2016IMG_0280\" width=\"150\" height=\"150\" \/><\/a><a href=\"http:\/\/www.internatura.org\/blog\/wp-content\/uploads\/2017\/01\/Real-Hf-niu-31-12-2016-.jpg\" rel=\"ligthbox\" data-rel=\"lightbox-image-2\" data-rl_title=\"\" data-rl_caption=\"\" title=\"\"><img decoding=\"async\" loading=\"lazy\" class=\"alignleft wp-image-5795 size-thumbnail\" src=\"http:\/\/www.internatura.org\/blog\/wp-content\/uploads\/2017\/01\/Real-Hf-niu-31-12-2016--150x150.jpg\" alt=\"Real-Hf-niu-31-12-2016-\" width=\"150\" height=\"150\" \/><\/a><a href=\"http:\/\/www.internatura.org\/blog\/wp-content\/uploads\/2017\/01\/Real-Te-31-12-2016-2.jpg\" rel=\"ligthbox\" data-rel=\"lightbox-image-3\" data-rl_title=\"\" data-rl_caption=\"\" title=\"\"><img decoding=\"async\" loading=\"lazy\" class=\"alignleft wp-image-5796 size-thumbnail\" src=\"http:\/\/www.internatura.org\/blog\/wp-content\/uploads\/2017\/01\/Real-Te-31-12-2016-2-150x150.jpg\" alt=\"Real-Te-31-12-2016--2\" width=\"150\" height=\"150\" \/><\/a><\/p>\n","protected":false},"excerpt":{"rendered":"<p>Membres del GER-EA l&#8217;\u00faltim dia de l&#8217;any ens desplacem a la zona de l&#8217;aeroport de Castell\u00f3 i voltants, a realitzar el recompte usual d&#8217;aus rapinyaires a la zona. Les observacions m\u00e9s destacades van ser: \u00c0guila real (Aquila chrysaetos) : 1 ex. jove \u00c0guila de panxa blanca (Aquila fasciata): 1 inmadur \u2026 <a class=\"continue-reading-link\" href=\"https:\/\/internatura.org\/blog\/?p=5789\"> Continuar leyendo <span class=\"meta-nav\">&rarr; <\/span><\/a><\/p>\n","protected":false},"author":1,"featured_media":0,"comment_status":"closed","ping_status":"closed","sticky":false,"template":"","format":"standard","meta":[],"categories":[25],"tags":[33],"_links":{"self":[{"href":"https:\/\/internatura.org\/blog\/index.php?rest_route=\/wp\/v2\/posts\/5789"}],"collection":[{"href":"https:\/\/internatura.org\/blog\/index.php?rest_route=\/wp\/v2\/posts"}],"about":[{"href":"https:\/\/internatura.org\/blog\/index.php?rest_route=\/wp\/v2\/types\/post"}],"author":[{"embeddable":true,"href":"https:\/\/internatura.org\/blog\/index.php?rest_route=\/wp\/v2\/users\/1"}],"replies":[{"embeddable":true,"href":"https:\/\/internatura.org\/blog\/index.php?rest_route=%2Fwp%2Fv2%2Fcomments&post=5789"}],"version-history":[{"count":6,"href":"https:\/\/internatura.org\/blog\/index.php?rest_route=\/wp\/v2\/posts\/5789\/revisions"}],"predecessor-version":[{"id":5943,"href":"https:\/\/internatura.org\/blog\/index.php?rest_route=\/wp\/v2\/posts\/5789\/revisions\/5943"}],"wp:attachment":[{"href":"https:\/\/internatura.org\/blog\/index.php?rest_route=%2Fwp%2Fv2%2Fmedia&parent=5789"}],"wp:term":[{"taxonomy":"category","embeddable":true,"href":"https:\/\/internatura.org\/blog\/index.php?rest_route=%2Fwp%2Fv2%2Fcategories&post=5789"},{"taxonomy":"post_tag","embeddable":true,"href":"https:\/\/internatura.org\/blog\/index.php?rest_route=%2Fwp%2Fv2%2Ftags&post=5789"}],"curies":[{"name":"wp","href":"https:\/\/api.w.org\/{rel}","templated":true}]}}