{"id":5799,"date":"2017-01-03T23:20:04","date_gmt":"2017-01-03T23:20:04","guid":{"rendered":"http:\/\/www.internatura.org\/blog\/?page_id=5799"},"modified":"2017-01-22T21:00:29","modified_gmt":"2017-01-22T21:00:29","slug":"control-de-cabra-muntanyes-en-la-pedrera-de-xert-i-voltants-03012017","status":"publish","type":"post","link":"https:\/\/internatura.org\/blog\/?p=5799","title":{"rendered":"Control de cabra salvatge en la pedrera de Xert i voltants 03\/01\/2017"},"content":{"rendered":"<p style=\"text-align: justify;\"><a href=\"http:\/\/www.internatura.org\/blog\/wp-content\/uploads\/2017\/01\/Cabres-03-01-2016-JuanviCapella.jpg\" rel=\"ligthbox\" data-rel=\"lightbox-image-0\" data-rl_title=\"\" data-rl_caption=\"\" title=\"\"><img decoding=\"async\" loading=\"lazy\" class=\"alignleft wp-image-5939 size-thumbnail\" src=\"http:\/\/www.internatura.org\/blog\/wp-content\/uploads\/2017\/01\/Cabres-03-01-2016-JuanviCapella-150x150.jpg\" width=\"150\" height=\"150\" \/><\/a>Dimarts passat membres del GER-EA ens vam despla\u00e7ar a observar cabra salvatge ( <em><a href=\"http:\/\/www.internatura.org\/avcs\/ficha.php?idesp=33\">Capra pyrenaica<\/a><\/em>) en la pedrera de Xert.<\/p>\n<p style=\"text-align: justify;\">Vam estar tot el mat\u00ed per la zona observant molt poques cabres i sobretot no vam poder veure cap mascle amb una bona cornamenta. Suposem que aquests exemplars s\u00f3n abatuts cont\u00ednuament pels ca\u00e7adors.\u00a0Ja que hi ha un gran negoci darrere d&#8217;aquesta esp\u00e8cie tan emblem\u00e0tica de Castell\u00f3. (<a href=\"http:\/\/www.agroambient.gva.es\/documents\/20551003\/102695346\/PliegoCazaControlada0001\/160a93f5-4729-4956-a2c8-9ffc5829c523\">Resoluci\u00f3n Conselleria 2014<\/a>)<\/p>\n<p style=\"text-align: justify;\">Despr\u00e9s d&#8217;estar tot el mat\u00ed, vam decidir tornar a casa ja que no vam localitzar cap grup important, algunes cabres femelles amb xotets i algun mascle d&#8217;edat interm\u00e8dia.<\/p>\n<p style=\"text-align: justify;\">Per a m\u00e9s informaci\u00f3:\u00a0<a href=\"http:\/\/bdb.cma.gva.es\/ficha.asp?id=5926\">http:\/\/bdb.cma.gva.es\/ficha.asp?id=5926<\/a><\/p>\n<p style=\"text-align: justify;\"><a href=\"http:\/\/www.internatura.org\/blog\/wp-content\/uploads\/2017\/01\/Cabra-03-01-2017.jpg\" rel=\"ligthbox\" data-rel=\"lightbox-image-1\" data-rl_title=\"\" data-rl_caption=\"\" title=\"\"><img decoding=\"async\" loading=\"lazy\" class=\"alignnone wp-image-5802 size-thumbnail\" src=\"http:\/\/www.internatura.org\/blog\/wp-content\/uploads\/2017\/01\/Cabra-03-01-2017-150x150.jpg\" alt=\"Cabra-03-01-2017\" width=\"150\" height=\"150\" \/><\/a>\u00a0<a href=\"http:\/\/www.internatura.org\/blog\/wp-content\/uploads\/2017\/01\/Cabra-a-03-01-2017.jpg\" rel=\"ligthbox\" data-rel=\"lightbox-image-2\" data-rl_title=\"\" data-rl_caption=\"\" title=\"\"><img decoding=\"async\" loading=\"lazy\" class=\"alignnone wp-image-5801 size-thumbnail\" src=\"http:\/\/www.internatura.org\/blog\/wp-content\/uploads\/2017\/01\/Cabra-a-03-01-2017-150x150.jpg\" alt=\"Cabra-a-03-01-2017\" width=\"150\" height=\"150\" \/><\/a><\/p>\n<p style=\"text-align: justify;\">Per saber les edats de les cabres es passa el seg\u00fcent dibuix:<\/p>\n<p style=\"text-align: justify;\"><a href=\"http:\/\/www.internatura.org\/blog\/wp-content\/uploads\/2017\/01\/Cabras-edades.jpg\" rel=\"ligthbox\" data-rel=\"lightbox-image-3\" data-rl_title=\"\" data-rl_caption=\"\" title=\"\"><img decoding=\"async\" loading=\"lazy\" class=\"aligncenter wp-image-5872 size-full\" src=\"http:\/\/www.internatura.org\/blog\/wp-content\/uploads\/2017\/01\/Cabras-edades.jpg\" width=\"462\" height=\"537\" srcset=\"https:\/\/internatura.org\/blog\/wp-content\/uploads\/2017\/01\/Cabras-edades.jpg 462w, https:\/\/internatura.org\/blog\/wp-content\/uploads\/2017\/01\/Cabras-edades-258x300.jpg 258w, https:\/\/internatura.org\/blog\/wp-content\/uploads\/2017\/01\/Cabras-edades-129x150.jpg 129w\" sizes=\"(max-width: 462px) 100vw, 462px\" \/><\/a><\/p>\n","protected":false},"excerpt":{"rendered":"<p>Dimarts passat membres del GER-EA ens vam despla\u00e7ar a observar cabra salvatge ( Capra pyrenaica) en la pedrera de Xert. Vam estar tot el mat\u00ed per la zona observant molt poques cabres i sobretot no vam poder veure cap mascle amb una bona cornamenta. Suposem que aquests exemplars s\u00f3n abatuts \u2026 <a class=\"continue-reading-link\" href=\"https:\/\/internatura.org\/blog\/?p=5799\"> Continuar leyendo <span class=\"meta-nav\">&rarr; <\/span><\/a><\/p>\n","protected":false},"author":1,"featured_media":0,"comment_status":"closed","ping_status":"closed","sticky":false,"template":"","format":"standard","meta":[],"categories":[102],"tags":[103],"_links":{"self":[{"href":"https:\/\/internatura.org\/blog\/index.php?rest_route=\/wp\/v2\/posts\/5799"}],"collection":[{"href":"https:\/\/internatura.org\/blog\/index.php?rest_route=\/wp\/v2\/posts"}],"about":[{"href":"https:\/\/internatura.org\/blog\/index.php?rest_route=\/wp\/v2\/types\/post"}],"author":[{"embeddable":true,"href":"https:\/\/internatura.org\/blog\/index.php?rest_route=\/wp\/v2\/users\/1"}],"replies":[{"embeddable":true,"href":"https:\/\/internatura.org\/blog\/index.php?rest_route=%2Fwp%2Fv2%2Fcomments&post=5799"}],"version-history":[{"count":12,"href":"https:\/\/internatura.org\/blog\/index.php?rest_route=\/wp\/v2\/posts\/5799\/revisions"}],"predecessor-version":[{"id":5941,"href":"https:\/\/internatura.org\/blog\/index.php?rest_route=\/wp\/v2\/posts\/5799\/revisions\/5941"}],"wp:attachment":[{"href":"https:\/\/internatura.org\/blog\/index.php?rest_route=%2Fwp%2Fv2%2Fmedia&parent=5799"}],"wp:term":[{"taxonomy":"category","embeddable":true,"href":"https:\/\/internatura.org\/blog\/index.php?rest_route=%2Fwp%2Fv2%2Fcategories&post=5799"},{"taxonomy":"post_tag","embeddable":true,"href":"https:\/\/internatura.org\/blog\/index.php?rest_route=%2Fwp%2Fv2%2Ftags&post=5799"}],"curies":[{"name":"wp","href":"https:\/\/api.w.org\/{rel}","templated":true}]}}