{"id":6,"date":"2012-02-02T23:43:48","date_gmt":"2012-02-02T22:43:48","guid":{"rendered":"http:\/\/www.internatura.org\/blog\/?p=6"},"modified":"2014-11-11T08:18:59","modified_gmt":"2014-11-11T08:18:59","slug":"la-suerte-se-unio-de-nueo-a-los-observadores-de-aves","status":"publish","type":"post","link":"https:\/\/internatura.org\/blog\/?p=6","title":{"rendered":"La sort es va unir de nou als observadors d&#8217;aus"},"content":{"rendered":"<p><strong>01\/02\/2012<\/strong><\/p>\n<p><a href=\"http:\/\/www.internatura.org\/blog\/wp-content\/uploads\/2012\/02\/Delaware-1-02-2012-IMG_2633.jpg\" rel=\"lightbox\" data-rel=\"lightbox-image-0\" data-rl_title=\"\" data-rl_caption=\"\"><img decoding=\"async\" loading=\"lazy\" class=\"wp-image-42   alignleft\" title=\"\" src=\"http:\/\/www.internatura.org\/blog\/wp-content\/uploads\/2012\/02\/Delaware-1-02-2012-IMG_2633-300x282.jpg\" alt=\"\" width=\"236\" height=\"222\" srcset=\"https:\/\/internatura.org\/blog\/wp-content\/uploads\/2012\/02\/Delaware-1-02-2012-IMG_2633-300x282.jpg 300w, https:\/\/internatura.org\/blog\/wp-content\/uploads\/2012\/02\/Delaware-1-02-2012-IMG_2633-318x300.jpg 318w, https:\/\/internatura.org\/blog\/wp-content\/uploads\/2012\/02\/Delaware-1-02-2012-IMG_2633.jpg 1000w\" sizes=\"(max-width: 236px) 100vw, 236px\" \/><\/a><\/p>\n<p><a href=\"http:\/\/www.internatura.org\/blog\/wp-content\/uploads\/2012\/02\/Audouin-AY7W-a-19-01-2012-I.jpg\" rel=\"lightbox\" data-rel=\"lightbox-image-1\" data-rl_title=\"\" data-rl_caption=\"\"><img decoding=\"async\" loading=\"lazy\" class=\" alignnone\" title=\"\" src=\"http:\/\/www.internatura.org\/blog\/wp-content\/uploads\/2012\/02\/Audouin-AY7W-a-19-01-2012-I-300x270.jpg\" alt=\"\" width=\"249\" height=\"226\" \/><\/a><\/p>\n<p><em><strong>\u00a0\u00a0\u00a0\u00a0\u00a0\u00a0\u00a0\u00a0\u00a0\u00a0\u00a0\u00a0\u00a0\u00a0\u00a0\u00a0\u00a0\u00a0 Gavina Delaware\u00a0<\/strong>\u00a0\u00a0\u00a0\u00a0\u00a0\u00a0\u00a0\u00a0\u00a0\u00a0\u00a0\u00a0\u00a0\u00a0\u00a0\u00a0\u00a0\u00a0\u00a0\u00a0\u00a0\u00a0\u00a0\u00a0\u00a0\u00a0\u00a0\u00a0\u00a0\u00a0\u00a0\u00a0\u00a0\u00a0\u00a0\u00a0\u00a0\u00a0\u00a0\u00a0\u00a0\u00a0\u00a0 Gavina corsa<\/em><\/p>\n<p>Fent el control setmanal d&#8217;aus marines al port de Borriana, ens col \u00b7 loquem a la punta de l&#8217;escullera curta, on els vaixells pesquers entren envoltats de gavines, xatracs, corbs marins, etc. \u00c9s un lloc i oportunitat \u00fanica per poder fotografiar aus marines a molt poca dist\u00e0ncia, intentant a m\u00e9s fotografiar gavines anellades, especialment gavines corsa. Doncs com en anys anteriors en una d&#8217;aquestes, es creua una au, similar a les g. corsa en grand\u00e0ria i plomatge per\u00f2 amb una gran difer\u00e8ncia en el color de les potes, el bec i l&#8217;ull. Salta l&#8217;alarma i vam comen\u00e7ar a seguir a aquesta gavina, \u00e9s s\u00ed, la Delaware. Un cop confirmada la cita per la visualitzaci\u00f3 de les imatges, ens preguntem si \u00e9s la mateixa que ens visita cada hivern, des del 2005. Benvinguda de nou Delaware (<a href=\"..\/..\/aocv\/ficha.php?idesp=162\">Larus delawarensis<\/a>).<br \/>\n<em>Fotos: Josep Bort<\/em><\/p>\n<p><strong>02\/02\/2012<\/strong><\/p>\n<p><a href=\"http:\/\/www.internatura.org\/blog\/wp-content\/uploads\/2012\/02\/Avetoro.jpg\" rel=\"lightbox\" data-rel=\"lightbox-image-2\" data-rl_title=\"\" data-rl_caption=\"\"><img decoding=\"async\" loading=\"lazy\" class=\"   alignleft\" title=\"\" src=\"http:\/\/www.internatura.org\/blog\/wp-content\/uploads\/2012\/02\/Avetoro-232x300.jpg\" alt=\"Avetoro com\u00fan\" width=\"232\" height=\"300\" \/><\/a><\/p>\n<p><strong>Bit\u00f3<\/strong> (<a href=\"..\/..\/aocv\/ficha.php?idesp=22\">Botaurus stellaris<\/a>)<\/p>\n<p>Despr\u00e9s d&#8217;un mat\u00ed frustrada pels ca\u00e7adors i els seus gossos, no desistim a intentar observar algunes aus hivernants a la Marjal d&#8217;Almenara. Durant tot el mat\u00ed els ocells volaven d&#8217;un lloc a un altre sense posar-se tranquil \u00b7 lament, especialment els an\u00e0tics que es van passar el mat\u00ed fugint dels trets. Va ser a \u00faltima hora, tornant ja cap a casa, quan passant pel costat d&#8217;un ca\u00e7ador d&#8217;avan\u00e7ada edat que recollia la seva escopeta i trofeus, em vaig adonar de lluny que, una au de grans dimensions es movia per un lateral de la pista fregant la vegetaci\u00f3 . Intento fer una foto des de l&#8217;interior del cotxe, per\u00f2 res el vidre em desenfoca tot, segueix imaginant que pot ser un fais\u00e0 femella o un bit\u00f3. En acostar el cotxe observo que l&#8217;au s&#8217;ha parat entre la vegetaci\u00f3 m\u00e9s propera, sense amagar-se, adoptant la postura t\u00edpica d&#8217;una au incre\u00efble un \u00a1\u00a1\u00a1Bit\u00f3 \u00a1\u00a1\u00a1. S\u00ed, un bit\u00f3 a escassos metres del cotxe i jo sense poder baixar per fer una bona foto. Al final intent acostar-me i despla\u00e7ar una mica el cotxe per agafar angle i treure una bona foto. El primer que em crida l&#8217;atenci\u00f3 \u00e9s la gran grand\u00e0ria, em va semblar una au molt grossa (comparada amb les que ja havia vist) ia m\u00e9s un plomatge molt m\u00e9s clar. Intento fer diverses fotos traient la c\u00e0mera per una finestra, per l&#8217;altra, per\u00f2 res no aconsegueixo fer la foto que vull. Intento apropar-me m\u00e9s per\u00f2 res, d&#8217;un salt s&#8217;eleva amb un vol pesat i amb les potes penjant desapareix a diversos metres entre el cany\u00eds i les canyes, esfumant-se. Al final va valer la pena sortir, tot i els ca\u00e7adors i el fred.<\/p>\n<p>&nbsp;<\/p>\n","protected":false},"excerpt":{"rendered":"<p>01\/02\/2012 \u00a0\u00a0\u00a0\u00a0\u00a0\u00a0\u00a0\u00a0\u00a0\u00a0\u00a0\u00a0\u00a0\u00a0\u00a0\u00a0\u00a0\u00a0 Gavina Delaware\u00a0\u00a0\u00a0\u00a0\u00a0\u00a0\u00a0\u00a0\u00a0\u00a0\u00a0\u00a0\u00a0\u00a0\u00a0\u00a0\u00a0\u00a0\u00a0\u00a0\u00a0\u00a0\u00a0\u00a0\u00a0\u00a0\u00a0\u00a0\u00a0\u00a0\u00a0\u00a0\u00a0\u00a0\u00a0\u00a0\u00a0\u00a0\u00a0\u00a0\u00a0\u00a0\u00a0\u00a0 Gavina corsa Fent el control setmanal d&#8217;aus marines al port de Borriana, ens col \u00b7 loquem a la punta de l&#8217;escullera curta, on els vaixells pesquers entren envoltats de gavines, xatracs, corbs marins, etc. \u00c9s un lloc i oportunitat \u00fanica per poder fotografiar aus marines a \u2026 <a class=\"continue-reading-link\" href=\"https:\/\/internatura.org\/blog\/?p=6\"> Continuar leyendo <span class=\"meta-nav\">&rarr; <\/span><\/a><\/p>\n","protected":false},"author":2,"featured_media":0,"comment_status":"closed","ping_status":"open","sticky":false,"template":"","format":"standard","meta":[],"categories":[7],"tags":[3,4,13],"_links":{"self":[{"href":"https:\/\/internatura.org\/blog\/index.php?rest_route=\/wp\/v2\/posts\/6"}],"collection":[{"href":"https:\/\/internatura.org\/blog\/index.php?rest_route=\/wp\/v2\/posts"}],"about":[{"href":"https:\/\/internatura.org\/blog\/index.php?rest_route=\/wp\/v2\/types\/post"}],"author":[{"embeddable":true,"href":"https:\/\/internatura.org\/blog\/index.php?rest_route=\/wp\/v2\/users\/2"}],"replies":[{"embeddable":true,"href":"https:\/\/internatura.org\/blog\/index.php?rest_route=%2Fwp%2Fv2%2Fcomments&post=6"}],"version-history":[{"count":29,"href":"https:\/\/internatura.org\/blog\/index.php?rest_route=\/wp\/v2\/posts\/6\/revisions"}],"predecessor-version":[{"id":3399,"href":"https:\/\/internatura.org\/blog\/index.php?rest_route=\/wp\/v2\/posts\/6\/revisions\/3399"}],"wp:attachment":[{"href":"https:\/\/internatura.org\/blog\/index.php?rest_route=%2Fwp%2Fv2%2Fmedia&parent=6"}],"wp:term":[{"taxonomy":"category","embeddable":true,"href":"https:\/\/internatura.org\/blog\/index.php?rest_route=%2Fwp%2Fv2%2Fcategories&post=6"},{"taxonomy":"post_tag","embeddable":true,"href":"https:\/\/internatura.org\/blog\/index.php?rest_route=%2Fwp%2Fv2%2Ftags&post=6"}],"curies":[{"name":"wp","href":"https:\/\/api.w.org\/{rel}","templated":true}]}}