{"id":605,"date":"2012-02-24T23:22:56","date_gmt":"2012-02-24T22:22:56","guid":{"rendered":"http:\/\/www.internatura.org\/blog\/?p=605"},"modified":"2014-11-11T08:18:58","modified_gmt":"2014-11-11T08:18:58","slug":"viatge-a-la-llacuna-del-canizar-terol-2012-02-24","status":"publish","type":"post","link":"https:\/\/internatura.org\/blog\/?p=605","title":{"rendered":"Viatge a la Llacuna del Ca\u00f1izar (Terol). 24\/02\/2012"},"content":{"rendered":"<p style=\"text-align: justify;\">Divendres passat alguns membres del GER-EA amb altres amics ornit\u00f2legs, ens desplacem a la llacuna del Ca\u00f1izar entre els pobles de Villarquemado i Cella a Terol.<\/p>\n<p style=\"text-align: justify;\"><a href=\"http:\/\/www.internatura.org\/blog\/wp-content\/uploads\/2012\/02\/villa-24-2-2012IMG_7652.jpg\" rel=\"lightbox\" data-rel=\"lightbox-image-0\" data-rl_title=\"\" data-rl_caption=\"\"><img decoding=\"async\" loading=\"lazy\" title=\"\" src=\"http:\/\/www.internatura.org\/blog\/wp-content\/uploads\/2012\/02\/villa-24-2-2012IMG_7652.jpg\" alt=\"\" width=\"144\" height=\"167\" \/><\/a>\u00a0 <a href=\"http:\/\/www.internatura.org\/blog\/wp-content\/uploads\/2012\/02\/villar-24-2-2012DSCF5225.jpg\" rel=\"lightbox\" data-rel=\"lightbox-image-1\" data-rl_title=\"\" data-rl_caption=\"\"><img decoding=\"async\" loading=\"lazy\" title=\"\" src=\"http:\/\/www.internatura.org\/blog\/wp-content\/uploads\/2012\/02\/villar-24-2-2012DSCF5225.jpg\" alt=\"\" width=\"219\" height=\"164\" \/><\/a>\u00a0 <a href=\"http:\/\/www.internatura.org\/blog\/wp-content\/uploads\/2012\/02\/Villar-24-02-2012-IMG_7684.jpg\" rel=\"lightbox\" data-rel=\"lightbox-image-2\" data-rl_title=\"\" data-rl_caption=\"\"><img decoding=\"async\" loading=\"lazy\" title=\"\" src=\"http:\/\/www.internatura.org\/blog\/wp-content\/uploads\/2012\/02\/Villar-24-02-2012-IMG_7684.jpg\" alt=\"\" width=\"190\" height=\"103\" \/><\/a><\/p>\n<p style=\"text-align: justify;\">Sortim des de Vila-real a les 5 h. recollint a diferents companys arribats des de Val\u00e8ncia i Cortes de Arenoso. L&#8217;objectiu del viatge \u00e9s doble, d&#8217;una banda gaudir dels grups de grues i d&#8217;altra localitzar esp\u00e8cies estep\u00e0ries, menys lligades a la llacuna.<br \/>\nA les 7 h. ja som a la Llacuna on s&#8217;inicia l&#8217;alba. La temperatura fresqueta, l&#8217;indicador del cotxe marca els -7 \u00ba C, els petits canals d&#8217;aigua estan gelats i el gebre ens acompanya per tot els llocs.<\/p>\n<p style=\"text-align: justify;\">\u00a0 <a href=\"http:\/\/www.internatura.org\/blog\/wp-content\/uploads\/2012\/02\/IMG_7695.jpg\" rel=\"lightbox\" data-rel=\"lightbox-image-3\" data-rl_title=\"\" data-rl_caption=\"\"><img decoding=\"async\" loading=\"lazy\" title=\"\" src=\"http:\/\/www.internatura.org\/blog\/wp-content\/uploads\/2012\/02\/IMG_7695.jpg\" alt=\"\" width=\"115\" height=\"82\" \/><\/a>\u00a0 <a href=\"http:\/\/www.internatura.org\/blog\/wp-content\/uploads\/2012\/02\/Elanio-24-2-2012-IMG_7673.jpg\" rel=\"lightbox\" data-rel=\"lightbox-image-4\" data-rl_title=\"\" data-rl_caption=\"\"><img decoding=\"async\" loading=\"lazy\" title=\"\" src=\"http:\/\/www.internatura.org\/blog\/wp-content\/uploads\/2012\/02\/Elanio-24-2-2012-IMG_7673.jpg\" alt=\"\" width=\"128\" height=\"173\" \/><\/a> <a href=\"http:\/\/www.internatura.org\/blog\/wp-content\/uploads\/2012\/02\/cogulla-IMG_7954.jpg\" rel=\"lightbox\" data-rel=\"lightbox-image-5\" data-rl_title=\"\" data-rl_caption=\"\"><img decoding=\"async\" loading=\"lazy\" title=\"\" src=\"http:\/\/www.internatura.org\/blog\/wp-content\/uploads\/2012\/02\/cogulla-IMG_7954.jpg\" alt=\"\" width=\"120\" height=\"132\" \/><\/a> <a href=\"http:\/\/www.internatura.org\/blog\/wp-content\/uploads\/2012\/02\/ortega-24-02-2012-IMG_7923.jpg\" rel=\"lightbox\" data-rel=\"lightbox-image-6\" data-rl_title=\"\" data-rl_caption=\"\"><img decoding=\"async\" loading=\"lazy\" title=\"\" src=\"http:\/\/www.internatura.org\/blog\/wp-content\/uploads\/2012\/02\/ortega-24-02-2012-IMG_7923.jpg\" alt=\"\" width=\"207\" height=\"134\" \/><\/a><\/p>\n<p style=\"text-align: justify;\">Ja a aquesta hora observem algunes grues disperses pels camps de conreus que envolten la llacuna, encara que observem exemplars de grues que salten de la llacuna i es desplacen als voltants.<br \/>\nIntentem col \u00b7 locar en un mirador, per apreciar les esp\u00e8cies sobre la llacuna. En aquesta recerca, ens crida l&#8217;atenci\u00f3 una petita aus col \u00b7 locada en un xop, parem el cotxe baixem r\u00e0pidament i s\u00ed un esparver d&#8217;espatlles negres (<em>Elanus caeruleus<\/em>), que salta d&#8217;un arbre a un altre allunyant de nosaltres. Una vegada a l&#8217;observatori (part sud de la llacuna), observem a un grup d&#8217;an\u00e0tids en una petita zona on l&#8217;aigua no est\u00e0 congelada. Identifiquem algunes esp\u00e8cies com sarset (<em>Anas crecca<\/em>), coll-verd (<em>Anas platyrhynchos<\/em>), cullerot (A<em>nas clypeata<\/em>), que volen per la zona, quedant molt lluny del nostre lloc d&#8217;observaci\u00f3.<\/p>\n<p style=\"text-align: justify;\">Mentre intent\u00e0vem identificar les esp\u00e8cies, altres ens observaven com el Busardo ratorero (<em>Buteo buteo<\/em>) apostat en un arbre i un arpellot de marjal femella (<em>Circus aeruginosus<\/em>), posat en un petit tronc entre les aig\u00fces gelades de la llacuna. Al moment observem a un altre arpella, aquest cop mascle que volava sobre els an\u00e0tids.<\/p>\n<p style=\"text-align: justify;\">En no poder observar les aus adequadament, ens desplacem cap a un altre punt, per\u00f2 el resultat \u00e9s el mateix, les escasses aus de la llacuna segueixen estant molt lluny.<\/p>\n<p>Es decideix anar a prospectar les zones adequades per a les aus estep\u00e0ries, properes als vessants. Durant aquesta prospecci\u00f3 localitzem grans concentracions de grues, que a les 12:00 salten i en grups es desplacen cap a la llacuna. \u00c9s un moment emocionant observant grups de grues venint de totes direccions cap a la llacuna.<\/p>\n<p><a href=\"http:\/\/www.internatura.org\/blog\/wp-content\/uploads\/2012\/02\/grulles-IMG_7875.jpg\" rel=\"lightbox\" data-rel=\"lightbox-image-7\" data-rl_title=\"\" data-rl_caption=\"\"><img decoding=\"async\" loading=\"lazy\" title=\"\" src=\"http:\/\/www.internatura.org\/blog\/wp-content\/uploads\/2012\/02\/grulles-IMG_7875.jpg\" alt=\"\" width=\"147\" height=\"91\" \/><\/a>\u00a0 <a href=\"http:\/\/www.internatura.org\/blog\/wp-content\/uploads\/2012\/02\/grulles-24-2-2012-lkIMG_782.jpg\" rel=\"lightbox\" data-rel=\"lightbox-image-8\" data-rl_title=\"\" data-rl_caption=\"\"><img decoding=\"async\" loading=\"lazy\" title=\"\" src=\"http:\/\/www.internatura.org\/blog\/wp-content\/uploads\/2012\/02\/grulles-24-2-2012-lkIMG_782.jpg\" alt=\"\" width=\"185\" height=\"77\" \/><\/a>\u00a0 <a href=\"http:\/\/www.internatura.org\/blog\/wp-content\/uploads\/2012\/02\/Grulla-24-2-2012IMG_7755.jpg\" rel=\"lightbox\" data-rel=\"lightbox-image-9\" data-rl_title=\"\" data-rl_caption=\"\"><img decoding=\"async\" loading=\"lazy\" title=\"\" src=\"http:\/\/www.internatura.org\/blog\/wp-content\/uploads\/2012\/02\/Grulla-24-2-2012IMG_7755.jpg\" alt=\"\" width=\"129\" height=\"57\" \/><\/a>\u00a0 <a href=\"http:\/\/www.internatura.org\/blog\/wp-content\/uploads\/2012\/02\/grulles-24-02-2012IMG_7786.jpg\" rel=\"lightbox\" data-rel=\"lightbox-image-10\" data-rl_title=\"\" data-rl_caption=\"\"><img decoding=\"async\" loading=\"lazy\" title=\"\" src=\"http:\/\/www.internatura.org\/blog\/wp-content\/uploads\/2012\/02\/grulles-24-02-2012IMG_7786.jpg\" alt=\"\" width=\"111\" height=\"50\" \/><\/a><\/p>\n<p style=\"text-align: justify;\">Seguim la nostra prosprecci\u00f3n i localitzem a un petit grup de perdius comuna i molt a prop a una parella de Xurra (<em>Pterocles orientalis<\/em>), que no ens deixa acostar-nos saltant i allunyant de nosaltres i alg\u00fa mil\u00e0 reial (<em>Milvus milvus<\/em>). Seguim per les pistes i ens apareicen altres petites aus, cogullades, terreroles i gran grup de passerells i caderneres.<\/p>\n<p style=\"text-align: justify;\">Tornem a la llacuna, aquest cop per la part oest per\u00f2 no podem acostar-nos a l&#8217;aigua, nom\u00e9s vam localitzar un agr\u00f3 blau (<em>Ardea cinerea<\/em>) morta amb la pota trencada. Tornem al mirador principal (part nort) i des de all\u00ed realitzem diverses panor\u00e0miques i detectem al lluny la gran concentraci\u00f3 de grues, centenars, milers.<\/p>\n<p style=\"text-align: justify;\"><a href=\"http:\/\/www.internatura.org\/blog\/wp-content\/uploads\/2012\/02\/IMG_7951.jpg\" rel=\"lightbox\" data-rel=\"lightbox-image-11\" data-rl_title=\"\" data-rl_caption=\"\"><img decoding=\"async\" loading=\"lazy\" title=\"\" src=\"http:\/\/www.internatura.org\/blog\/wp-content\/uploads\/2012\/02\/IMG_7951.jpg\" alt=\"\" width=\"84\" height=\"126\" \/><\/a>\u00a0 <a href=\"http:\/\/www.internatura.org\/blog\/wp-content\/uploads\/2012\/02\/IMG_8014.jpg\" rel=\"lightbox\" data-rel=\"lightbox-image-12\" data-rl_title=\"\" data-rl_caption=\"\"><img decoding=\"async\" loading=\"lazy\" title=\"\" src=\"http:\/\/www.internatura.org\/blog\/wp-content\/uploads\/2012\/02\/IMG_8014.jpg\" alt=\"\" width=\"140\" height=\"81\" \/><\/a> <a href=\"http:\/\/www.internatura.org\/blog\/wp-content\/uploads\/2012\/02\/Vilqa-24-2-12DSCF5229.jpg\" rel=\"lightbox\" data-rel=\"lightbox-image-13\" data-rl_title=\"\" data-rl_caption=\"\"><img decoding=\"async\" loading=\"lazy\" title=\"\" src=\"http:\/\/www.internatura.org\/blog\/wp-content\/uploads\/2012\/02\/Vilqa-24-2-12DSCF5229.jpg\" alt=\"\" width=\"178\" height=\"133\" \/><\/a>\u00a0 <a href=\"http:\/\/www.internatura.org\/blog\/wp-content\/uploads\/2012\/02\/Villarquemado-24-02-2012-IM.jpg\" rel=\"lightbox\" data-rel=\"lightbox-image-14\" data-rl_title=\"\" data-rl_caption=\"\"><img decoding=\"async\" loading=\"lazy\" title=\"\" src=\"http:\/\/www.internatura.org\/blog\/wp-content\/uploads\/2012\/02\/Villarquemado-24-02-2012-IM.jpg\" alt=\"\" width=\"170\" height=\"103\" \/><\/a><\/p>\n<p style=\"text-align: justify;\">Posteriorment ens anem a dinar a un petit bar al poble de<a href=\"http:\/\/www.villarquemado.es\/InternetRural\/Villarquemado\/Home.nsf\/documento\/laguna_del_canizar\"> Villarquemado<\/a> i de tornada a casa. Com en altres ocasions, observem la zona amb petits incendis de zones de cultiu o als marges de finques i camins, provocant fins i tot la crema dels troncs dels xops, suposem que aquesta forma d&#8217;actuar dels llauradors ha estat el que li ha donat nom al poble.<\/p>\n<p style=\"text-align: justify;\">Encara que el viatge va ser una passada, i vam poder estar amb els companys, ens vam quedar amb les ganes d&#8217;observar les aus m\u00e9s de prop i treure uns bonics pl\u00e0nols per al gaudi de tots.<\/p>\n<p style=\"text-align: justify;\">\u00a0\u00a0\u00a0\u00a0 <a href=\"http:\/\/www.internatura.org\/blog\/wp-content\/uploads\/2012\/02\/Villarque-24-2-2012-DSCF523.jpg\" rel=\"lightbox\" data-rel=\"lightbox-image-15\" data-rl_title=\"\" data-rl_caption=\"\"><img decoding=\"async\" loading=\"lazy\" title=\"\" src=\"http:\/\/www.internatura.org\/blog\/wp-content\/uploads\/2012\/02\/Villarque-24-2-2012-DSCF523.jpg\" alt=\"\" width=\"178\" height=\"166\" \/><\/a> \u00a0 \u00a0 <a href=\"http:\/\/www.internatura.org\/blog\/wp-content\/uploads\/2012\/02\/IMG_7989.jpg\" rel=\"lightbox\" data-rel=\"lightbox-image-16\" data-rl_title=\"\" data-rl_caption=\"\"><img decoding=\"async\" loading=\"lazy\" title=\"\" src=\"http:\/\/www.internatura.org\/blog\/wp-content\/uploads\/2012\/02\/IMG_7989.jpg\" alt=\"\" width=\"173\" height=\"124\" \/><\/a>\u00a0\u00a0 <a href=\"http:\/\/www.internatura.org\/blog\/wp-content\/uploads\/2012\/02\/Villar-24-02-2012-DSCF5241.jpg\" rel=\"lightbox\" data-rel=\"lightbox-image-17\" data-rl_title=\"\" data-rl_caption=\"\"><img decoding=\"async\" loading=\"lazy\" title=\"\" src=\"http:\/\/www.internatura.org\/blog\/wp-content\/uploads\/2012\/02\/Villar-24-02-2012-DSCF5241.jpg\" alt=\"\" width=\"132\" height=\"123\" \/><\/a><\/p>\n<h4 style=\"text-align: justify;\"><em>Ultima foto: d&#8217;esquerra a dreta: Marcos Mata, Jose Vte. Andr\u00e9s, Toni Castello, J.Lluis Bort, Josep Bort i Nando Ramia.<\/em><\/h4>\n","protected":false},"excerpt":{"rendered":"<p>Divendres passat alguns membres del GER-EA amb altres amics ornit\u00f2legs, ens desplacem a la llacuna del Ca\u00f1izar entre els pobles de Villarquemado i Cella a Terol. \u00a0 \u00a0 Sortim des de Vila-real a les 5 h. recollint a diferents companys arribats des de Val\u00e8ncia i Cortes de Arenoso. L&#8217;objectiu del \u2026 <a class=\"continue-reading-link\" href=\"https:\/\/internatura.org\/blog\/?p=605\"> Continuar leyendo <span class=\"meta-nav\">&rarr; <\/span><\/a><\/p>\n","protected":false},"author":1,"featured_media":0,"comment_status":"closed","ping_status":"closed","sticky":false,"template":"","format":"standard","meta":[],"categories":[30],"tags":[31],"_links":{"self":[{"href":"https:\/\/internatura.org\/blog\/index.php?rest_route=\/wp\/v2\/posts\/605"}],"collection":[{"href":"https:\/\/internatura.org\/blog\/index.php?rest_route=\/wp\/v2\/posts"}],"about":[{"href":"https:\/\/internatura.org\/blog\/index.php?rest_route=\/wp\/v2\/types\/post"}],"author":[{"embeddable":true,"href":"https:\/\/internatura.org\/blog\/index.php?rest_route=\/wp\/v2\/users\/1"}],"replies":[{"embeddable":true,"href":"https:\/\/internatura.org\/blog\/index.php?rest_route=%2Fwp%2Fv2%2Fcomments&post=605"}],"version-history":[{"count":25,"href":"https:\/\/internatura.org\/blog\/index.php?rest_route=\/wp\/v2\/posts\/605\/revisions"}],"predecessor-version":[{"id":3394,"href":"https:\/\/internatura.org\/blog\/index.php?rest_route=\/wp\/v2\/posts\/605\/revisions\/3394"}],"wp:attachment":[{"href":"https:\/\/internatura.org\/blog\/index.php?rest_route=%2Fwp%2Fv2%2Fmedia&parent=605"}],"wp:term":[{"taxonomy":"category","embeddable":true,"href":"https:\/\/internatura.org\/blog\/index.php?rest_route=%2Fwp%2Fv2%2Fcategories&post=605"},{"taxonomy":"post_tag","embeddable":true,"href":"https:\/\/internatura.org\/blog\/index.php?rest_route=%2Fwp%2Fv2%2Ftags&post=605"}],"curies":[{"name":"wp","href":"https:\/\/api.w.org\/{rel}","templated":true}]}}