{"id":6381,"date":"2020-05-04T18:24:56","date_gmt":"2020-05-04T18:24:56","guid":{"rendered":"http:\/\/www.internatura.org\/blog\/?p=6381"},"modified":"2020-05-06T17:20:40","modified_gmt":"2020-05-06T17:20:40","slug":"6381","status":"publish","type":"post","link":"https:\/\/internatura.org\/blog\/?p=6381","title":{"rendered":"Resum de les activitats del GER-EA durant el 2019"},"content":{"rendered":"\n<div class=\"wp-block-image\"><figure class=\"aligncenter is-resized\"><a href=\"http:\/\/www.internatura.org\/grupos\/ger\/MEMORIA_ANUAL_GER_2019.pdf\"><img decoding=\"async\" loading=\"lazy\" src=\"http:\/\/www.internatura.org\/blog\/wp-content\/uploads\/2020\/05\/porta_memoria_2019.jpg\" alt=\"\" class=\"wp-image-6391\" width=\"314\" height=\"399\" srcset=\"https:\/\/internatura.org\/blog\/wp-content\/uploads\/2020\/05\/porta_memoria_2019.jpg 514w, https:\/\/internatura.org\/blog\/wp-content\/uploads\/2020\/05\/porta_memoria_2019-236x300.jpg 236w, https:\/\/internatura.org\/blog\/wp-content\/uploads\/2020\/05\/porta_memoria_2019-118x150.jpg 118w\" sizes=\"(max-width: 314px) 100vw, 314px\" \/><\/a><\/figure><\/div>\n\n\n\n<p class=\"has-text-align-left\"><strong>MEM\u00d2RIA ACTIVITATS GER-EA 2019<\/strong><\/p>\n\n\n\n<p class=\"has-text-align-left\"><strong> <\/strong><a href=\"http:\/\/www.internatura.org\/grupos\/ger\/MEMORIA_ANUAL_GER_2019.pdf\">http:\/\/www.internatura.org\/grupos\/ger\/MEMORIA_ANUAL_GER_2019.pdf<\/a> <\/p>\n\n\n\n<p class=\"has-text-align-left\">Un any m\u00e9s us deixem el resum de les activitats m\u00e9s rellevants que membres del GER-EA hem realitzat durant l&#8217;any 2019.   <\/p>\n\n\n\n<p class=\"has-text-align-left\">Des d&#8217;aquestes l\u00ednies us animem perqu\u00e8 col\u00b7laboreu amb les nostres activitats i us uniu a nosaltres en la lluita per a la conservaci\u00f3 mediambiental i la just\u00edcia social. <\/p>\n\n\n\n<p class=\"has-text-align-left\">Esperem cada dia ser m\u00e9s persones al grup i poder desenvolupar i planificar noves activitats, pel que fa a:    <\/p>\n\n\n\n<div class=\"wp-block-group\"><div class=\"wp-block-group__inner-container is-layout-flow\">\n<p class=\"has-text-align-left\">1.- Investigaci\u00f3 i conservaci\u00f3.    <\/p>\n\n\n\n<p class=\"has-text-align-left\">2.- Informaci\u00f3, sensibilitzaci\u00f3 i educaci\u00f3 ambiental.    <\/p>\n\n\n\n<p class=\"has-text-align-left\">3.- Activitats de protecci\u00f3, recuperaci\u00f3 i den\u00fancia.  <\/p>\n\n\n\n<p class=\"has-text-align-left\">4.- Cooperaci\u00f3 i col\u00b7laboraci\u00f3 amb altres entitats. <\/p>\n<\/div><\/div>\n\n\n\n<p><\/p>\n\n\n\n<p><\/p>\n\n\n\n<p><\/p>\n","protected":false},"excerpt":{"rendered":"<p>MEM\u00d2RIA ACTIVITATS GER-EA 2019 http:\/\/www.internatura.org\/grupos\/ger\/MEMORIA_ANUAL_GER_2019.pdf Un any m\u00e9s us deixem el resum de les activitats m\u00e9s rellevants que membres del GER-EA hem realitzat durant l&#8217;any 2019. Des d&#8217;aquestes l\u00ednies us animem perqu\u00e8 col\u00b7laboreu amb les nostres activitats i us uniu a nosaltres en la lluita per a la conservaci\u00f3 mediambiental \u2026 <a class=\"continue-reading-link\" href=\"https:\/\/internatura.org\/blog\/?p=6381\"> Continuar leyendo <span class=\"meta-nav\">&rarr; <\/span><\/a><\/p>\n","protected":false},"author":1,"featured_media":0,"comment_status":"closed","ping_status":"closed","sticky":false,"template":"","format":"standard","meta":[],"categories":[69],"tags":[113,114],"_links":{"self":[{"href":"https:\/\/internatura.org\/blog\/index.php?rest_route=\/wp\/v2\/posts\/6381"}],"collection":[{"href":"https:\/\/internatura.org\/blog\/index.php?rest_route=\/wp\/v2\/posts"}],"about":[{"href":"https:\/\/internatura.org\/blog\/index.php?rest_route=\/wp\/v2\/types\/post"}],"author":[{"embeddable":true,"href":"https:\/\/internatura.org\/blog\/index.php?rest_route=\/wp\/v2\/users\/1"}],"replies":[{"embeddable":true,"href":"https:\/\/internatura.org\/blog\/index.php?rest_route=%2Fwp%2Fv2%2Fcomments&post=6381"}],"version-history":[{"count":15,"href":"https:\/\/internatura.org\/blog\/index.php?rest_route=\/wp\/v2\/posts\/6381\/revisions"}],"predecessor-version":[{"id":6403,"href":"https:\/\/internatura.org\/blog\/index.php?rest_route=\/wp\/v2\/posts\/6381\/revisions\/6403"}],"wp:attachment":[{"href":"https:\/\/internatura.org\/blog\/index.php?rest_route=%2Fwp%2Fv2%2Fmedia&parent=6381"}],"wp:term":[{"taxonomy":"category","embeddable":true,"href":"https:\/\/internatura.org\/blog\/index.php?rest_route=%2Fwp%2Fv2%2Fcategories&post=6381"},{"taxonomy":"post_tag","embeddable":true,"href":"https:\/\/internatura.org\/blog\/index.php?rest_route=%2Fwp%2Fv2%2Ftags&post=6381"}],"curies":[{"name":"wp","href":"https:\/\/api.w.org\/{rel}","templated":true}]}}