{"id":6429,"date":"2020-05-16T21:38:00","date_gmt":"2020-05-16T21:38:00","guid":{"rendered":"http:\/\/www.internatura.org\/blog\/?p=6429"},"modified":"2020-07-07T21:49:36","modified_gmt":"2020-07-07T21:49:36","slug":"covid-19-i-observacio-daus","status":"publish","type":"post","link":"https:\/\/internatura.org\/blog\/?p=6429","title":{"rendered":"COVID-19 i OBSERVACI\u00d3 D&#8217;AUS"},"content":{"rendered":"\n<p>Des que va apar\u00e8ixer el coronavirus, virus que afecta les vies respirat\u00f2ries i la seva r\u00e0pida expansi\u00f3 per gaireb\u00e9 tots els pa\u00efsos de l&#8217;m\u00f3n, provocant l&#8217;actual pand\u00e8mia, moltes de les activitats realitzades di\u00e0riament s&#8217;han tallat de cop. <\/p>\n\n\n\n<p>Des del passat 15 de mar\u00e7 el govern, mitjan\u00e7ant el Reial Decret 463\/2020, de 14 de mar\u00e7, han declarat l&#8217;Estat d&#8217;Alarma Sanit\u00e0ria, i ens tanquem a casa per evitar contraure i propagar el virus, mitja que ha estat molt efica\u00e7, evitant moltes m\u00e9s morts. <\/p>\n\n\n\n<p>En aquest estat d&#8217;Alarma i Confinament, qu\u00e8 hem fet els observadors d&#8217;aus?, doncs, despr\u00e9s d&#8217;un parell de dies de dubtes, es va llan\u00e7ar la iniciativa de \u00ab<em>Ver Aves desde Casa<\/em>\u00ab, \u00ab<em>Observar Aus des del Balc\u00f3<\/em>\u00ab, o des SEO (societat espanyola d&#8217;ornitologia), es ficava mitjan\u00e7ant\u00bb <em>#QuedateEnElNido<\/em>\u00ab, totes les iniciatives amb un objectiu com\u00fa, sortir a la balconada o terrassa i observar, sentir i comptabilitzar aus, fins i tot s&#8217;han fet concursos per veure qui era el naturalista que m\u00e9s esp\u00e8cies identificava. <\/p>\n\n\n\n<div class=\"wp-block-image\"><figure class=\"aligncenter is-resized\"><img decoding=\"async\" loading=\"lazy\" src=\"http:\/\/www.internatura.org\/blog\/wp-content\/uploads\/2020\/06\/Balco-01-04-2020-1-576x1024.jpg\" alt=\"La imagen tiene un atributo ALT vac\u00edo; su nombre de archivo es Balco-01-04-2020-1-576x1024.jpg\" width=\"209\" height=\"372\"\/><figcaption><em> Elements b\u00e0sics per a l&#8217;observaci\u00f3: prism\u00e0tics, telescopis i llibreta de camp i c\u00e0mera de fotos. <\/em><\/figcaption><\/figure><\/div>\n\n\n\n<figure class=\"wp-block-image size-large\"><img decoding=\"async\" loading=\"lazy\" width=\"800\" height=\"452\" src=\"http:\/\/www.internatura.org\/blog\/wp-content\/uploads\/2020\/06\/Balco-25-04-2020-.jpg\" alt=\"\" class=\"wp-image-6454\" srcset=\"https:\/\/internatura.org\/blog\/wp-content\/uploads\/2020\/06\/Balco-25-04-2020-.jpg 800w, https:\/\/internatura.org\/blog\/wp-content\/uploads\/2020\/06\/Balco-25-04-2020--300x170.jpg 300w, https:\/\/internatura.org\/blog\/wp-content\/uploads\/2020\/06\/Balco-25-04-2020--768x434.jpg 768w, https:\/\/internatura.org\/blog\/wp-content\/uploads\/2020\/06\/Balco-25-04-2020--150x85.jpg 150w, https:\/\/internatura.org\/blog\/wp-content\/uploads\/2020\/06\/Balco-25-04-2020--250x141.jpg 250w\" sizes=\"(max-width: 800px) 100vw, 800px\" \/><figcaption><em> Camp visual des del balc\u00f3 <\/em><\/figcaption><\/figure>\n\n\n\n<p>El resultat ha estat espectacular, amb centenars de naturalistes, ornit\u00f2legs, bi\u00f2legs o simplement aficionats a les aus, han estat di\u00e0riament amb els prism\u00e0tics i telescopis des dels seus balcons, arribant a descobrir aus que abans no havien estat observades des de les ciutats. <\/p>\n\n\n\n<figure class=\"wp-block-image size-large\"><img decoding=\"async\" loading=\"lazy\" width=\"722\" height=\"448\" src=\"http:\/\/www.internatura.org\/blog\/wp-content\/uploads\/2020\/06\/Balco-16-05-2020-.jpg\" alt=\"\" class=\"wp-image-6452\" srcset=\"https:\/\/internatura.org\/blog\/wp-content\/uploads\/2020\/06\/Balco-16-05-2020-.jpg 722w, https:\/\/internatura.org\/blog\/wp-content\/uploads\/2020\/06\/Balco-16-05-2020--300x186.jpg 300w, https:\/\/internatura.org\/blog\/wp-content\/uploads\/2020\/06\/Balco-16-05-2020--150x93.jpg 150w, https:\/\/internatura.org\/blog\/wp-content\/uploads\/2020\/06\/Balco-16-05-2020--242x150.jpg 242w\" sizes=\"(max-width: 722px) 100vw, 722px\" \/><figcaption><em> Membre de l&#8217;GER, en una de les jornades d&#8217;observaci\u00f3 d&#8217;aus des del balc\u00f3 <\/em><\/figcaption><\/figure>\n\n\n\n<p>L&#8217;avantatge dels observadors que no tenien un bloc d&#8217;edifici davant, quedant molt limitat el camp visual, ha estat determinant. Per contra, les millors observacions s&#8217;han donat pels naturalistes que vivien en xalets amb jardins, pobles d&#8217;interior i costa, de fet, s&#8217;han registrats gran quantitat d&#8217;esp\u00e8cies que estaven en els seus despla\u00e7aments des del continent afric\u00e0 als seus llocs de reproducci\u00f3 a Espanya i Europa, \u00e9s a dir, hem agafat de ple la migraci\u00f3 prenupcial, tant de aus rapinyaires (milans negres, \u00e0guiles pescadores, cal\u00e7ades, marcenques, alcotans, vesper europeu, etc.) com de insect\u00edvores (tallarols, mosquiters, orenetes, falciots, avions, abellerols etc. .) i altres. Observant m\u00e9s de 250 esp\u00e8cies entre els diversos centenars de participants de les diferents comunitats aut\u00f2nomes. <\/p>\n\n\n\n<figure class=\"wp-block-image size-large\"><img decoding=\"async\" loading=\"lazy\" width=\"700\" height=\"410\" src=\"http:\/\/www.internatura.org\/blog\/wp-content\/uploads\/2020\/06\/Balco-estornell.jpg\" alt=\"\" class=\"wp-image-6457\" srcset=\"https:\/\/internatura.org\/blog\/wp-content\/uploads\/2020\/06\/Balco-estornell.jpg 700w, https:\/\/internatura.org\/blog\/wp-content\/uploads\/2020\/06\/Balco-estornell-300x176.jpg 300w, https:\/\/internatura.org\/blog\/wp-content\/uploads\/2020\/06\/Balco-estornell-150x88.jpg 150w, https:\/\/internatura.org\/blog\/wp-content\/uploads\/2020\/06\/Balco-estornell-250x146.jpg 250w\" sizes=\"(max-width: 700px) 100vw, 700px\" \/><figcaption><em> Estornell negre, una de les esp\u00e8cies observades <\/em><\/figcaption><\/figure>\n\n\n\n<p>En el nostre cas a la Comunitat Valenciana, tots els aficionats a les aus ens hem tret el cap a la balconada a identificar les diferents esp\u00e8cies tant per observaci\u00f3 directa com pel cant. Ha estat una activitat que ha trencat la monotonia de l&#8217;confinament, sent el canal de contacte el WhatsApp, amb el grup \u00ab<em>Pajareros Pa\u00eds Valenci\u00e0<\/em>\u00bb cada dia i de forma immediata es descrivien les aus que s&#8217;estaven observant en aquest moment, compartint fotos per identificar esp\u00e8cies dificultoses o llunyanes.<\/p>\n\n\n\n<p><\/p>\n\n\n\n<p class=\"has-text-align-center\">  <img decoding=\"async\" loading=\"lazy\" width=\"750\" height=\"1000\" class=\"wp-image-6434\" style=\"width: 150px;\" src=\"http:\/\/www.internatura.org\/blog\/wp-content\/uploads\/2020\/06\/Covid-19-3.jpg\" alt=\"\" srcset=\"https:\/\/internatura.org\/blog\/wp-content\/uploads\/2020\/06\/Covid-19-3.jpg 750w, https:\/\/internatura.org\/blog\/wp-content\/uploads\/2020\/06\/Covid-19-3-225x300.jpg 225w, https:\/\/internatura.org\/blog\/wp-content\/uploads\/2020\/06\/Covid-19-3-113x150.jpg 113w\" sizes=\"(max-width: 750px) 100vw, 750px\" \/> <img decoding=\"async\" loading=\"lazy\" width=\"750\" height=\"1000\" class=\"wp-image-6436\" style=\"width: 150px;\" src=\"http:\/\/www.internatura.org\/blog\/wp-content\/uploads\/2020\/06\/Covid-19-2.jpg\" alt=\"\" srcset=\"https:\/\/internatura.org\/blog\/wp-content\/uploads\/2020\/06\/Covid-19-2.jpg 750w, https:\/\/internatura.org\/blog\/wp-content\/uploads\/2020\/06\/Covid-19-2-225x300.jpg 225w, https:\/\/internatura.org\/blog\/wp-content\/uploads\/2020\/06\/Covid-19-2-113x150.jpg 113w\" sizes=\"(max-width: 750px) 100vw, 750px\" \/> <img decoding=\"async\" loading=\"lazy\" width=\"750\" height=\"1000\" class=\"wp-image-6437\" style=\"width: 150px;\" src=\"http:\/\/www.internatura.org\/blog\/wp-content\/uploads\/2020\/06\/Covid-19-1.jpg\" alt=\"\" srcset=\"https:\/\/internatura.org\/blog\/wp-content\/uploads\/2020\/06\/Covid-19-1.jpg 750w, https:\/\/internatura.org\/blog\/wp-content\/uploads\/2020\/06\/Covid-19-1-225x300.jpg 225w, https:\/\/internatura.org\/blog\/wp-content\/uploads\/2020\/06\/Covid-19-1-113x150.jpg 113w\" sizes=\"(max-width: 750px) 100vw, 750px\" \/> <\/p>\n\n\n\n<p>Tot va ser una aventura que ha arribat fins a principi de juny, quan les diferents comunitats aut\u00f2nomes han entrat en diferents Fases de desescalada (Fase 0; Fase 1; Fase 2; Fase 3), en cada fase es pot fer una s\u00e8rie de coses.  <\/p>\n\n\n\n<p>El que m\u00e9s ens va indignar els naturalistes, ha estat veure com en la fase 1, es podia anar a ca\u00e7ar i pescar per tota la prov\u00edncia, per\u00f2 estava prohibit anar a observar aus al camp, \u00e9s a dir, es poden matar els animals (aus, mam\u00edfers, peixos), per\u00f2 no podem anar a observar-los i fotografiar-los, sense molestar-los.  <\/p>\n\n\n\n<p>Aquest fet demostra en el pa\u00eds que vivim i quina import\u00e0ncia li d\u00f3nen els nostres dirigents a la conservaci\u00f3 de la natura i la Biodiversitat.  <\/p>\n\n\n\n<p>Fins que no hem entrat en la Fase 2, els naturalistes no ens hem pogut moure dels nostres balcons i anar a gaudir de la natura mitjan\u00e7ant l&#8217;observaci\u00f3 i fotografia.  <\/p>\n\n\n\n<p>Per al nostre grup el GER, ha estat molt important arribar a la Fase 2 a la Comunitat Valenciana, per poder seguir amb els estudis de control i seguiment de la reproducci\u00f3 de rapinyaires, iniciat a principi d&#8217;any i nom\u00e9s vam poder fer treball de camp durant el mes de gener, febrer i principi de mar\u00e7, localitzant la majoria de parelles d&#8217;\u00e0guila de panxa blanca i algunes d&#8217;\u00e0guila real, que estaven iniciant la reproducci\u00f3, arreglant el niu i posta i incubaci\u00f3.  <\/p>\n\n\n\n<p><\/p>\n\n\n\n<p>Ara a principi de juny, hem tornat a sortir dels nostres balcons i despla\u00e7ar-nos al camp, on molts dels nius els polls d&#8217;\u00e0guila de panxa blanca havien saltat de el niu i no els hem pogut veure, tot i que un parell de parelles anaven endarrerides i hem pogut gaudir dels polls sobre el niu a punt de volar. Un altre cas \u00e9s l&#8217;\u00e0guila real, que els seus polls ja molt grans encara estan damunt el niu sent cuidats pels seus pares. <\/p>\n\n\n\n<p><\/p>\n\n\n\n<p><\/p>\n\n\n\n<div class=\"wp-block-group\"><div class=\"wp-block-group__inner-container is-layout-flow\">\n<div class=\"wp-block-image\"><figure class=\"alignleft size-large is-resized\"><img decoding=\"async\" loading=\"lazy\" src=\"http:\/\/www.internatura.org\/blog\/wp-content\/uploads\/2020\/06\/Hf-Coves-Lledo-03-06-2020.jpg\" alt=\"\" class=\"wp-image-6481\" width=\"277\" height=\"463\" srcset=\"https:\/\/internatura.org\/blog\/wp-content\/uploads\/2020\/06\/Hf-Coves-Lledo-03-06-2020.jpg 599w, https:\/\/internatura.org\/blog\/wp-content\/uploads\/2020\/06\/Hf-Coves-Lledo-03-06-2020-180x300.jpg 180w, https:\/\/internatura.org\/blog\/wp-content\/uploads\/2020\/06\/Hf-Coves-Lledo-03-06-2020-90x150.jpg 90w\" sizes=\"(max-width: 277px) 100vw, 277px\" \/><figcaption><em>Riu Coves, membre del GER (Lled\u00f3)<\/em><br><br><\/figcaption><\/figure><\/div>\n<\/div><\/div>\n\n\n\n<div class=\"wp-block-image\"><figure class=\"alignright size-large is-resized\"><img decoding=\"async\" loading=\"lazy\" src=\"http:\/\/www.internatura.org\/blog\/wp-content\/uploads\/2020\/06\/Hf-Coves-mascle-03-06-2020_MG_6022.jpg\" alt=\"\" class=\"wp-image-6487\" width=\"347\" height=\"320\" srcset=\"https:\/\/internatura.org\/blog\/wp-content\/uploads\/2020\/06\/Hf-Coves-mascle-03-06-2020_MG_6022.jpg 1000w, https:\/\/internatura.org\/blog\/wp-content\/uploads\/2020\/06\/Hf-Coves-mascle-03-06-2020_MG_6022-300x277.jpg 300w, https:\/\/internatura.org\/blog\/wp-content\/uploads\/2020\/06\/Hf-Coves-mascle-03-06-2020_MG_6022-768x709.jpg 768w, https:\/\/internatura.org\/blog\/wp-content\/uploads\/2020\/06\/Hf-Coves-mascle-03-06-2020_MG_6022-150x138.jpg 150w, https:\/\/internatura.org\/blog\/wp-content\/uploads\/2020\/06\/Hf-Coves-mascle-03-06-2020_MG_6022-163x150.jpg 163w\" sizes=\"(max-width: 347px) 100vw, 347px\" \/><figcaption><em>\u00c0guila de panxa blanca al niu amb dos poll 03\/06\/2020<\/em><\/figcaption><\/figure><\/div>\n\n\n\n<div class=\"wp-block-image\"><figure class=\"alignleft size-large is-resized\"><img decoding=\"async\" loading=\"lazy\" src=\"http:\/\/www.internatura.org\/blog\/wp-content\/uploads\/2020\/06\/Hf-Cedraman-Xorrador-09-06-2020-.jpg\" alt=\"\" class=\"wp-image-6482\" width=\"272\" height=\"390\" srcset=\"https:\/\/internatura.org\/blog\/wp-content\/uploads\/2020\/06\/Hf-Cedraman-Xorrador-09-06-2020-.jpg 695w, https:\/\/internatura.org\/blog\/wp-content\/uploads\/2020\/06\/Hf-Cedraman-Xorrador-09-06-2020--209x300.jpg 209w, https:\/\/internatura.org\/blog\/wp-content\/uploads\/2020\/06\/Hf-Cedraman-Xorrador-09-06-2020--104x150.jpg 104w\" sizes=\"(max-width: 272px) 100vw, 272px\" \/><figcaption><em>Zucaina-Cedraman membre GER, Josep<\/em><\/figcaption><\/figure><\/div>\n","protected":false},"excerpt":{"rendered":"<p>Des que va apar\u00e8ixer el coronavirus, virus que afecta les vies respirat\u00f2ries i la seva r\u00e0pida expansi\u00f3 per gaireb\u00e9 tots els pa\u00efsos de l&#8217;m\u00f3n, provocant l&#8217;actual pand\u00e8mia, moltes de les activitats realitzades di\u00e0riament s&#8217;han tallat de cop. Des del passat 15 de mar\u00e7 el govern, mitjan\u00e7ant el Reial Decret 463\/2020, \u2026 <a class=\"continue-reading-link\" href=\"https:\/\/internatura.org\/blog\/?p=6429\"> Continuar leyendo <span class=\"meta-nav\">&rarr; <\/span><\/a><\/p>\n","protected":false},"author":1,"featured_media":0,"comment_status":"closed","ping_status":"closed","sticky":false,"template":"","format":"standard","meta":[],"categories":[25],"tags":[117],"_links":{"self":[{"href":"https:\/\/internatura.org\/blog\/index.php?rest_route=\/wp\/v2\/posts\/6429"}],"collection":[{"href":"https:\/\/internatura.org\/blog\/index.php?rest_route=\/wp\/v2\/posts"}],"about":[{"href":"https:\/\/internatura.org\/blog\/index.php?rest_route=\/wp\/v2\/types\/post"}],"author":[{"embeddable":true,"href":"https:\/\/internatura.org\/blog\/index.php?rest_route=\/wp\/v2\/users\/1"}],"replies":[{"embeddable":true,"href":"https:\/\/internatura.org\/blog\/index.php?rest_route=%2Fwp%2Fv2%2Fcomments&post=6429"}],"version-history":[{"count":23,"href":"https:\/\/internatura.org\/blog\/index.php?rest_route=\/wp\/v2\/posts\/6429\/revisions"}],"predecessor-version":[{"id":6535,"href":"https:\/\/internatura.org\/blog\/index.php?rest_route=\/wp\/v2\/posts\/6429\/revisions\/6535"}],"wp:attachment":[{"href":"https:\/\/internatura.org\/blog\/index.php?rest_route=%2Fwp%2Fv2%2Fmedia&parent=6429"}],"wp:term":[{"taxonomy":"category","embeddable":true,"href":"https:\/\/internatura.org\/blog\/index.php?rest_route=%2Fwp%2Fv2%2Fcategories&post=6429"},{"taxonomy":"post_tag","embeddable":true,"href":"https:\/\/internatura.org\/blog\/index.php?rest_route=%2Fwp%2Fv2%2Ftags&post=6429"}],"curies":[{"name":"wp","href":"https:\/\/api.w.org\/{rel}","templated":true}]}}