{"id":6977,"date":"2020-07-04T09:27:00","date_gmt":"2020-07-04T09:27:00","guid":{"rendered":"http:\/\/www.internatura.org\/blog\/?p=6977"},"modified":"2020-07-09T07:34:12","modified_gmt":"2020-07-09T07:34:12","slug":"observacio-desparver-cendros-en-interior-de-castello","status":"publish","type":"post","link":"https:\/\/internatura.org\/blog\/?p=6977","title":{"rendered":"Observaci\u00f3 d&#8217;esparver cendr\u00f3s en interior de Castell\u00f3."},"content":{"rendered":"\n<p class=\"has-text-align-left\">El 4 de juliol passat ens vam despla\u00e7ar a la zona de cria d&#8217;esparver cendr\u00f3s al interior de Castell\u00f3. Zones que es caracteritzen per extenses taques de coscoll, que s&#8217;uneix a roman\u00ed i argelaga, formant impenetrable el despla\u00e7ament per aquesta vegetaci\u00f3. Aquestes zones estan travessades per desenes de pistes o camins en forma de laberint.<img decoding=\"async\" loading=\"lazy\" width=\"700\" height=\"411\" class=\"wp-image-6979\" style=\"width: 400px;\" src=\"http:\/\/www.internatura.org\/blog\/wp-content\/uploads\/2020\/07\/Aguilucho_cenizo-hembra-04-07-2020-Lluis01.jpg\" alt=\"\" srcset=\"https:\/\/internatura.org\/blog\/wp-content\/uploads\/2020\/07\/Aguilucho_cenizo-hembra-04-07-2020-Lluis01.jpg 700w, https:\/\/internatura.org\/blog\/wp-content\/uploads\/2020\/07\/Aguilucho_cenizo-hembra-04-07-2020-Lluis01-300x176.jpg 300w, https:\/\/internatura.org\/blog\/wp-content\/uploads\/2020\/07\/Aguilucho_cenizo-hembra-04-07-2020-Lluis01-150x88.jpg 150w, https:\/\/internatura.org\/blog\/wp-content\/uploads\/2020\/07\/Aguilucho_cenizo-hembra-04-07-2020-Lluis01-250x147.jpg 250w\" sizes=\"(max-width: 700px) 100vw, 700px\" \/><br> Els nius es localitzen enmig de les taques de matoll, a nivell de terra, on sol posar entre 3 i 5 ous, d&#8217;ells la mitjana de polls que arriben a volar aquest sobre 2-3 polls, xifra de les m\u00e9s altes de la pen\u00ednsula ib\u00e8rica .<img decoding=\"async\" loading=\"lazy\" width=\"549\" height=\"438\" class=\"wp-image-6982\" style=\"width: 400px;\" src=\"http:\/\/www.internatura.org\/blog\/wp-content\/uploads\/2020\/07\/Aguilucho_cenizo-jove-04-07-20-Lluis-01-1.jpg\" alt=\"\" srcset=\"https:\/\/internatura.org\/blog\/wp-content\/uploads\/2020\/07\/Aguilucho_cenizo-jove-04-07-20-Lluis-01-1.jpg 549w, https:\/\/internatura.org\/blog\/wp-content\/uploads\/2020\/07\/Aguilucho_cenizo-jove-04-07-20-Lluis-01-1-300x239.jpg 300w, https:\/\/internatura.org\/blog\/wp-content\/uploads\/2020\/07\/Aguilucho_cenizo-jove-04-07-20-Lluis-01-1-150x120.jpg 150w, https:\/\/internatura.org\/blog\/wp-content\/uploads\/2020\/07\/Aguilucho_cenizo-jove-04-07-20-Lluis-01-1-188x150.jpg 188w\" sizes=\"(max-width: 549px) 100vw, 549px\" \/><br> Durant aquest principi de mes vam poder observar ia polls volanders que estan propers als nius sobre matolls, esperant que els pares els portin menjar. Aquests esparvers ja estan perfectament preparats per al vol, fins i tot alguns joves realitzen vols de persecuci\u00f3 i picats entre els germans.<br> <\/p>\n\n\n\n<p>\u00c9s destacable que la poblaci\u00f3 inicial al Prat de Cabanes, que arribo a albergar unes 35 parelles, des de fa alguns anys se situa entre 5-3 parellas, podent desapar\u00e8ixer d&#8217;aquest enclavament en un termini breu necessitant un <strong>Pla de Recuperaci\u00f3 Urgent<\/strong> en aquesta zona. No obstant aix\u00f2, contrasta amb la zona interior on es localitzen unes 150-200 parelles nidificants distribu\u00efts per diversos municipis.<\/p>\n","protected":false},"excerpt":{"rendered":"<p>El 4 de juliol passat ens vam despla\u00e7ar a la zona de cria d&#8217;esparver cendr\u00f3s al interior de Castell\u00f3. Zones que es caracteritzen per extenses taques de coscoll, que s&#8217;uneix a roman\u00ed i argelaga, formant impenetrable el despla\u00e7ament per aquesta vegetaci\u00f3. Aquestes zones estan travessades per desenes de pistes o \u2026 <a class=\"continue-reading-link\" href=\"https:\/\/internatura.org\/blog\/?p=6977\"> Continuar leyendo <span class=\"meta-nav\">&rarr; <\/span><\/a><\/p>\n","protected":false},"author":1,"featured_media":0,"comment_status":"closed","ping_status":"closed","sticky":false,"template":"","format":"standard","meta":[],"categories":[25],"tags":[60],"_links":{"self":[{"href":"https:\/\/internatura.org\/blog\/index.php?rest_route=\/wp\/v2\/posts\/6977"}],"collection":[{"href":"https:\/\/internatura.org\/blog\/index.php?rest_route=\/wp\/v2\/posts"}],"about":[{"href":"https:\/\/internatura.org\/blog\/index.php?rest_route=\/wp\/v2\/types\/post"}],"author":[{"embeddable":true,"href":"https:\/\/internatura.org\/blog\/index.php?rest_route=\/wp\/v2\/users\/1"}],"replies":[{"embeddable":true,"href":"https:\/\/internatura.org\/blog\/index.php?rest_route=%2Fwp%2Fv2%2Fcomments&post=6977"}],"version-history":[{"count":8,"href":"https:\/\/internatura.org\/blog\/index.php?rest_route=\/wp\/v2\/posts\/6977\/revisions"}],"predecessor-version":[{"id":7113,"href":"https:\/\/internatura.org\/blog\/index.php?rest_route=\/wp\/v2\/posts\/6977\/revisions\/7113"}],"wp:attachment":[{"href":"https:\/\/internatura.org\/blog\/index.php?rest_route=%2Fwp%2Fv2%2Fmedia&parent=6977"}],"wp:term":[{"taxonomy":"category","embeddable":true,"href":"https:\/\/internatura.org\/blog\/index.php?rest_route=%2Fwp%2Fv2%2Fcategories&post=6977"},{"taxonomy":"post_tag","embeddable":true,"href":"https:\/\/internatura.org\/blog\/index.php?rest_route=%2Fwp%2Fv2%2Ftags&post=6977"}],"curies":[{"name":"wp","href":"https:\/\/api.w.org\/{rel}","templated":true}]}}