{"id":6985,"date":"2020-06-29T10:59:00","date_gmt":"2020-06-29T10:59:00","guid":{"rendered":"http:\/\/www.internatura.org\/blog\/?p=6985"},"modified":"2020-07-07T21:45:48","modified_gmt":"2020-07-07T21:45:48","slug":"visites-a-la-marjal-dalmenara-la-llosa","status":"publish","type":"post","link":"https:\/\/internatura.org\/blog\/?p=6985","title":{"rendered":"Visites a la marjal d&#8217;Almenara &#8211; La Llosa."},"content":{"rendered":"\n<p><\/p>\n\n\n\n<p>Durant el mes de juny, hem realitzat diverses visites a la marjal d&#8217;Almenara &#8211; La Llosa, que es van allargar durant aquest mes de juliol.<br> En aquestes visites hem anat anotant les esp\u00e8cies observades, destacant en aquesta visita (05\/06\/2020): els martinets( <a href=\"http:\/\/www.internatura.org\/aocv\/ficha.php?idesp=21\"><em>Nycticorax nycticorax<\/em><\/a> ; 6 ad + 2 jv.), gomet (<em> <a href=\"http:\/\/www.internatura.org\/aocv\/ficha.php?idesp=23\">Ixobrychus minutus<\/a><\/em> , 1 ex.), picaport ( <a href=\"http:\/\/www.internatura.org\/aocv\/ficha.php?idesp=27\"><em>Plegadis falcinellus<\/em><\/a> , 205 ex.), fumarell de galta blanca ( <a href=\"http:\/\/www.internatura.org\/aocv\/ficha.php?idesp=176\"><em>Chlidonias hybrida<\/em><\/a> , 36 ex.), gall de canyar ( <em><a href=\"http:\/\/www.internatura.org\/aocv\/ficha.php?idesp=95\">Porphyrio porphyrio<\/a> <\/em>, 1 individual.), agr\u00f3 roig ( <a href=\"http:\/\/www.internatura.org\/aocv\/ficha.php?idesp=17\"><em>Ardea purpurea<\/em><\/a> , 2 ex.), agr\u00f3 blanc ( <a href=\"http:\/\/www.internatura.org\/aocv\/ficha.php?idesp=18\"><em>Ardea alba<\/em><\/a> , 3 ex.), oroval ( <a href=\"http:\/\/www.internatura.org\/aocv\/ficha.php?idesp=19\">Ardeola ralloides<\/a> , 3 ex.) carregada ( <a href=\"http:\/\/www.internatura.org\/aocv\/ficha.php?idesp=107\"><em>Glareola pratincola<\/em><\/a> , 4 ex.), cames llargues ( <a href=\"http:\/\/www.internatura.org\/aocv\/ficha.php?idesp=104\"><em>Himantopus himantopus<\/em><\/a> , 97 ex. +3 nius covant ).<\/p>\n\n\n\n<p><img decoding=\"async\" loading=\"lazy\" width=\"960\" height=\"540\" class=\"wp-image-7009\" style=\"width: 300px;\" src=\"http:\/\/www.internatura.org\/blog\/wp-content\/uploads\/2020\/07\/Espatula-Lluis-IMG-20200629-WA0025.jpg\" alt=\"\" srcset=\"https:\/\/internatura.org\/blog\/wp-content\/uploads\/2020\/07\/Espatula-Lluis-IMG-20200629-WA0025.jpg 960w, https:\/\/internatura.org\/blog\/wp-content\/uploads\/2020\/07\/Espatula-Lluis-IMG-20200629-WA0025-300x169.jpg 300w, https:\/\/internatura.org\/blog\/wp-content\/uploads\/2020\/07\/Espatula-Lluis-IMG-20200629-WA0025-768x432.jpg 768w, https:\/\/internatura.org\/blog\/wp-content\/uploads\/2020\/07\/Espatula-Lluis-IMG-20200629-WA0025-150x84.jpg 150w, https:\/\/internatura.org\/blog\/wp-content\/uploads\/2020\/07\/Espatula-Lluis-IMG-20200629-WA0025-250x141.jpg 250w\" sizes=\"(max-width: 960px) 100vw, 960px\" \/>En altres visites realitzades per Juanlu Bort (29\/06\/2020) va poder filmar la pres\u00e8ncia de bec-pla (<em> <a href=\"http:\/\/www.internatura.org\/aocv\/ficha.php?idesp=28\">Platalea leucorodia<\/a><\/em> ) a la zona de Casa Penya al mirador, ja terme de Sagunt, bec-pla que porten diversos dies al mateix lloc, obsertat per altres ornit\u00f3leg.<\/p>\n\n\n\n<p> En aquesta ocasi\u00f3 eren 3 indv. de elles, dues amb anelles de pvc: <strong>B [AXBZ]<\/strong> i <strong>N [KP]<\/strong> <\/p>\n\n\n\n<p><img decoding=\"async\" loading=\"lazy\" width=\"524\" height=\"541\" class=\"wp-image-7008\" style=\"width: 200px;\" src=\"http:\/\/www.internatura.org\/blog\/wp-content\/uploads\/2020\/07\/Espatula-Lluis-IMG-20200629-WA0019.jpg\" alt=\"\" srcset=\"https:\/\/internatura.org\/blog\/wp-content\/uploads\/2020\/07\/Espatula-Lluis-IMG-20200629-WA0019.jpg 524w, https:\/\/internatura.org\/blog\/wp-content\/uploads\/2020\/07\/Espatula-Lluis-IMG-20200629-WA0019-291x300.jpg 291w, https:\/\/internatura.org\/blog\/wp-content\/uploads\/2020\/07\/Espatula-Lluis-IMG-20200629-WA0019-145x150.jpg 145w\" sizes=\"(max-width: 524px) 100vw, 524px\" \/> <\/p>\n\n\n\n<figure class=\"wp-block-image is-resized\"><img decoding=\"async\" loading=\"lazy\" src=\"http:\/\/www.internatura.org\/blog\/wp-content\/uploads\/2020\/07\/Espatula-lluis-IMG-20200629-WA0021.jpg\" alt=\"\" class=\"wp-image-7007\" width=\"216\" height=\"283\" srcset=\"https:\/\/internatura.org\/blog\/wp-content\/uploads\/2020\/07\/Espatula-lluis-IMG-20200629-WA0021.jpg 413w, https:\/\/internatura.org\/blog\/wp-content\/uploads\/2020\/07\/Espatula-lluis-IMG-20200629-WA0021-229x300.jpg 229w, https:\/\/internatura.org\/blog\/wp-content\/uploads\/2020\/07\/Espatula-lluis-IMG-20200629-WA0021-115x150.jpg 115w\" sizes=\"(max-width: 216px) 100vw, 216px\" \/><\/figure>\n\n\n\n<p><\/p>\n\n\n\n<p class=\"has-text-align-left\"> En aquesta visita es va observar una conducta en les parelles de canasteras, que ens van fer pensar en segones postes. Despr\u00e9s de parlar amb ornit\u00f2legs valencians, ens comentem que \u00e9s una actitud normal en aquestes dates i possiblement estiguin relacionades amb la protecci\u00f3 dels territoris m\u00e9s que en noves posades.<img decoding=\"async\" loading=\"lazy\" width=\"1280\" height=\"720\" class=\"wp-image-7003\" style=\"width: 300px;\" src=\"http:\/\/www.internatura.org\/blog\/wp-content\/uploads\/2020\/07\/Canastera-Lluis-IMG-20200629-WA0023.jpg\" alt=\"\" srcset=\"https:\/\/internatura.org\/blog\/wp-content\/uploads\/2020\/07\/Canastera-Lluis-IMG-20200629-WA0023.jpg 1280w, https:\/\/internatura.org\/blog\/wp-content\/uploads\/2020\/07\/Canastera-Lluis-IMG-20200629-WA0023-300x169.jpg 300w, https:\/\/internatura.org\/blog\/wp-content\/uploads\/2020\/07\/Canastera-Lluis-IMG-20200629-WA0023-1024x576.jpg 1024w, https:\/\/internatura.org\/blog\/wp-content\/uploads\/2020\/07\/Canastera-Lluis-IMG-20200629-WA0023-768x432.jpg 768w, https:\/\/internatura.org\/blog\/wp-content\/uploads\/2020\/07\/Canastera-Lluis-IMG-20200629-WA0023-150x84.jpg 150w, https:\/\/internatura.org\/blog\/wp-content\/uploads\/2020\/07\/Canastera-Lluis-IMG-20200629-WA0023-250x141.jpg 250w\" sizes=\"(max-width: 1280px) 100vw, 1280px\" \/><img decoding=\"async\" loading=\"lazy\" width=\"767\" height=\"682\" class=\"wp-image-7004\" style=\"width: 250px;\" src=\"http:\/\/www.internatura.org\/blog\/wp-content\/uploads\/2020\/07\/Canastera-Lluis-IMG-20200629-WA0029.jpg\" alt=\"\" srcset=\"https:\/\/internatura.org\/blog\/wp-content\/uploads\/2020\/07\/Canastera-Lluis-IMG-20200629-WA0029.jpg 767w, https:\/\/internatura.org\/blog\/wp-content\/uploads\/2020\/07\/Canastera-Lluis-IMG-20200629-WA0029-300x267.jpg 300w, https:\/\/internatura.org\/blog\/wp-content\/uploads\/2020\/07\/Canastera-Lluis-IMG-20200629-WA0029-150x133.jpg 150w, https:\/\/internatura.org\/blog\/wp-content\/uploads\/2020\/07\/Canastera-Lluis-IMG-20200629-WA0029-169x150.jpg 169w\" sizes=\"(max-width: 767px) 100vw, 767px\" \/><img decoding=\"async\" loading=\"lazy\" width=\"702\" height=\"611\" class=\"wp-image-7005\" style=\"width: 250px;\" src=\"http:\/\/www.internatura.org\/blog\/wp-content\/uploads\/2020\/07\/Canasteras-Lluis-IMG-20200629-WA0028.jpg\" alt=\"\" srcset=\"https:\/\/internatura.org\/blog\/wp-content\/uploads\/2020\/07\/Canasteras-Lluis-IMG-20200629-WA0028.jpg 702w, https:\/\/internatura.org\/blog\/wp-content\/uploads\/2020\/07\/Canasteras-Lluis-IMG-20200629-WA0028-300x261.jpg 300w, https:\/\/internatura.org\/blog\/wp-content\/uploads\/2020\/07\/Canasteras-Lluis-IMG-20200629-WA0028-150x131.jpg 150w, https:\/\/internatura.org\/blog\/wp-content\/uploads\/2020\/07\/Canasteras-Lluis-IMG-20200629-WA0028-172x150.jpg 172w\" sizes=\"(max-width: 702px) 100vw, 702px\" \/><br><\/p>\n","protected":false},"excerpt":{"rendered":"<p>Durant el mes de juny, hem realitzat diverses visites a la marjal d&#8217;Almenara &#8211; La Llosa, que es van allargar durant aquest mes de juliol. En aquestes visites hem anat anotant les esp\u00e8cies observades, destacant en aquesta visita (05\/06\/2020): els martinets( Nycticorax nycticorax ; 6 ad + 2 jv.), gomet \u2026 <a class=\"continue-reading-link\" href=\"https:\/\/internatura.org\/blog\/?p=6985\"> Continuar leyendo <span class=\"meta-nav\">&rarr; <\/span><\/a><\/p>\n","protected":false},"author":1,"featured_media":0,"comment_status":"closed","ping_status":"closed","sticky":false,"template":"","format":"standard","meta":[],"categories":[25],"tags":[22],"_links":{"self":[{"href":"https:\/\/internatura.org\/blog\/index.php?rest_route=\/wp\/v2\/posts\/6985"}],"collection":[{"href":"https:\/\/internatura.org\/blog\/index.php?rest_route=\/wp\/v2\/posts"}],"about":[{"href":"https:\/\/internatura.org\/blog\/index.php?rest_route=\/wp\/v2\/types\/post"}],"author":[{"embeddable":true,"href":"https:\/\/internatura.org\/blog\/index.php?rest_route=\/wp\/v2\/users\/1"}],"replies":[{"embeddable":true,"href":"https:\/\/internatura.org\/blog\/index.php?rest_route=%2Fwp%2Fv2%2Fcomments&post=6985"}],"version-history":[{"count":11,"href":"https:\/\/internatura.org\/blog\/index.php?rest_route=\/wp\/v2\/posts\/6985\/revisions"}],"predecessor-version":[{"id":7016,"href":"https:\/\/internatura.org\/blog\/index.php?rest_route=\/wp\/v2\/posts\/6985\/revisions\/7016"}],"wp:attachment":[{"href":"https:\/\/internatura.org\/blog\/index.php?rest_route=%2Fwp%2Fv2%2Fmedia&parent=6985"}],"wp:term":[{"taxonomy":"category","embeddable":true,"href":"https:\/\/internatura.org\/blog\/index.php?rest_route=%2Fwp%2Fv2%2Fcategories&post=6985"},{"taxonomy":"post_tag","embeddable":true,"href":"https:\/\/internatura.org\/blog\/index.php?rest_route=%2Fwp%2Fv2%2Ftags&post=6985"}],"curies":[{"name":"wp","href":"https:\/\/api.w.org\/{rel}","templated":true}]}}