{"id":7190,"date":"2020-11-12T21:50:30","date_gmt":"2020-11-12T21:50:30","guid":{"rendered":"http:\/\/www.internatura.org\/blog\/?p=7190"},"modified":"2020-12-13T20:16:47","modified_gmt":"2020-12-13T20:16:47","slug":"tales-forestal-al-bovalar-del-penyagolosa-nov-dic-2020-aturem-un-projecte-sense-sentit","status":"publish","type":"post","link":"https:\/\/internatura.org\/blog\/?p=7190","title":{"rendered":"Tales forestals al Bovalar del Penyagolosa, nov-dic-2020. Aturem un projecte sense sentit."},"content":{"rendered":"\n<p><\/p>\n\n\n\n<p>\n<em>Grup d\u2019Estudi i Protecci\u00f3 dels\nRapinyaires \u2013 Ecologistes en Acci\u00f3 (GER-EA)<\/em><\/p>\n\n\n\n<p>Tenint coneixement que a la zona del Bovalar del Penyagolosa, en terme de Vistabella del Maestrat, esta sent objecte de tales de grans pins negres (<em>Pinus nigra subsp. Salzmanii<\/em>) end\u00e8mics i indirectament de vegetaci\u00f3 arbustiva aut\u00f2ctona, sota un suposat \u00abProjecte de restauraci\u00f3 d&#8217;h\u00e0bitat\u00bb en la muntanya p\u00fablica, zona declarada LIC (<em>Lloc d&#8217;Inter\u00e8s Comunitari<\/em>) i ZEPA (<em>Zona d&#8217;Especial Protecci\u00f3 per a les Aus<\/em>), formant part de la Xarxa Natura 2000, i afectada per la Directiva d&#8217;Aus (2009\/147 \/ CEE) i la Directiva d&#8217;H\u00e0bitats (92\/43 \/ CEE), i dins de la zona de PORN (<em>Pla d&#8217;Ordenaci\u00f3 dels Recursos Naturals<\/em>) del Parc Natural del Penyagolosa.<\/p>\n\n\n\n<figure class=\"wp-block-image size-large\"><img decoding=\"async\" loading=\"lazy\" width=\"1024\" height=\"485\" src=\"http:\/\/www.internatura.org\/blog\/wp-content\/uploads\/2020\/12\/IMG-20201119-WA0089-1-1024x485.jpg\" alt=\"\" class=\"wp-image-7203\" srcset=\"https:\/\/internatura.org\/blog\/wp-content\/uploads\/2020\/12\/IMG-20201119-WA0089-1-1024x485.jpg 1024w, https:\/\/internatura.org\/blog\/wp-content\/uploads\/2020\/12\/IMG-20201119-WA0089-1-300x142.jpg 300w, https:\/\/internatura.org\/blog\/wp-content\/uploads\/2020\/12\/IMG-20201119-WA0089-1-768x363.jpg 768w, https:\/\/internatura.org\/blog\/wp-content\/uploads\/2020\/12\/IMG-20201119-WA0089-1-1536x727.jpg 1536w, https:\/\/internatura.org\/blog\/wp-content\/uploads\/2020\/12\/IMG-20201119-WA0089-1-150x71.jpg 150w, https:\/\/internatura.org\/blog\/wp-content\/uploads\/2020\/12\/IMG-20201119-WA0089-1-250x118.jpg 250w, https:\/\/internatura.org\/blog\/wp-content\/uploads\/2020\/12\/IMG-20201119-WA0089-1.jpg 2016w\" sizes=\"(max-width: 1024px) 100vw, 1024px\" \/><figcaption><em>Una de les zones on encara no s&#8217;ha intervingut<\/em><\/figcaption><\/figure>\n\n\n\n<p>Membres del GER s&#8217;han despla\u00e7at a la zona, per a determinar l&#8217;impacte en el bosc de grans pins, alguns de m\u00e9s de cent anys, on habita una important poblaci\u00f3 de rapinyaires forestals, com \u00e0guila cal\u00e7ada (<em>Aquila pennata<\/em>), \u00e0guila serpera (<em>Circaetus gallicus<\/em>), esparver (<em>Accipiter nisus<\/em>), astor (<em>Accipiter gentilis<\/em>), aligot <em>(Buteo buteo<\/em>), falconet (<em>Falco subbuteo<\/em>) fins i tot hi ha pres\u00e8ncia de rapinyaires nocturnes com el mussol banyut (<em>Asio Otus<\/em>), esp\u00e8cies d&#8217;aus que necessiten un ampli bosc madur per a instal\u00b7lar els seus nius i una gran cobertura arb\u00f2ria per a la seva defensa i cria, pel que qualsevol alteraci\u00f3 de l&#8217;habitat actual pot interferir negativament en la seva superviv\u00e8ncia.<\/p>\n\n\n\n<div class=\"wp-block-image\"><figure class=\"alignright size-large is-resized\"><img decoding=\"async\" loading=\"lazy\" src=\"http:\/\/www.internatura.org\/blog\/wp-content\/uploads\/2020\/12\/Tala-IMG-20201119-WA0079-2-2.jpg\" alt=\"\" class=\"wp-image-7207\" width=\"247\" height=\"406\" srcset=\"https:\/\/internatura.org\/blog\/wp-content\/uploads\/2020\/12\/Tala-IMG-20201119-WA0079-2-2.jpg 304w, https:\/\/internatura.org\/blog\/wp-content\/uploads\/2020\/12\/Tala-IMG-20201119-WA0079-2-2-182x300.jpg 182w, https:\/\/internatura.org\/blog\/wp-content\/uploads\/2020\/12\/Tala-IMG-20201119-WA0079-2-2-91x150.jpg 91w\" sizes=\"(max-width: 247px) 100vw, 247px\" \/><\/figure><\/div>\n\n\n\n<p>Zona\nque a m\u00e9s s&#8217;ha pogut detectar la pres\u00e8ncia de Picot negre\n(<em>Dryocopus martius<\/em>), au molt escassa a la pen\u00ednsula ib\u00e8rica,\nsent l&#8217;\u00fanica zona d&#8217;aquesta esp\u00e8cie a la Comunitat Valenciana, i\nque necessita gran i vells troncs per poder instal\u00b7lar els seus\nnius.<\/p>\n\n\n\n<p>Aquestes aus necessiten de bosc madurs de pins de gran mida, amb sotaboscos molt poc alterats i aut\u00f2cton, cas com l&#8217;existent de roures xicotets, aurons, carrasques, etc.<\/p>\n\n\n\n<p>Aix\u00f2 fa que la intervenci\u00f3 en aquests espais de bosc madur han de ser molt escasses o nul\u00b7les i amb una visi\u00f3 i actuaci\u00f3 quir\u00fargica, la finalitat, en cas d&#8217;intervenci\u00f3, \u00e9s augmentar el valor ecol\u00f2gic i la biodiversitat de la zona. Sent interessant anar eliminant especies de pins al\u00b7l\u00f2ctones (<em>pins de la varietat austr\u00edaca<\/em>) de forma progressiva, en un per\u00edode de diversos anys, sent substitu\u00eft per plantacions de sabinar aut\u00f2cton, on existia i d\u00f3na nom a la zona.<\/p>\n\n\n\n<p>Membres del GER hem observat i fotografiat les primeres actuacions a la zona i considerem que s&#8217;estan sobrepassant de la forma d&#8217;actuar, ja hem comentat que ha de ser de manera quir\u00fargica i vigilada per experts. Res d&#8217;aix\u00f2 s&#8217;est\u00e0 produint, trobant grans rodals on s&#8217;han talat tots els pins, d&#8217;una manera abusiva, s\u00f3n centenars de pins madurs i sans talats.<\/p>\n\n\n\n<div class=\"wp-block-image\"><figure class=\"aligncenter\"><img decoding=\"async\" src=\"http:\/\/www.internatura.org\/campanyes\/fotos-tala-Penyagolosa\/foto-tala-02.jpg\" alt=\"\"\/><figcaption><em>Una de les zones on s&#8217;est\u00e0 realitzant la tala.<\/em><\/figcaption><\/figure><\/div>\n\n\n\n<p>Ens d\u00f3na la sensaci\u00f3 que aquesta forma de tala va m\u00e9s encaminada cap a una explotaci\u00f3 de la fusta, el projecte planteja a la tala de 62.000 pins, que la protecci\u00f3 de la zona, amb una inversi\u00f3 cofinan\u00e7ada amb fons FEDER d&#8217;1.2 milions d&#8217;euros. Pins de grans per\u00edmetres, amb di\u00e0metres de 92 cm, ja han estat tallats i temem que siguin molt m\u00e9s els centenars de pins talats d&#8217;aquestes dimensions.<\/p>\n\n\n\n<p>Considerem\nque aquesta zona ja ha estat objecte de grans tales abusives en les\nzones de cria de rapinyaires i fins i tot ha estat objecte de\nprojectes d&#8217;instal\u00b7laci\u00f3 de zones d&#8217;esbarjo i acampada (encara hi\nha murs de ciment visibles), que es van poder aturar.<\/p>\n\n\n\n<p>Considerem que en aquesta zona no hauria d&#8217;haver cap actuaci\u00f3, ja que tant la zona de pins i altres \u00e0rbres com el sotabosc, s&#8217;autoregulen sense la necessitat d&#8217;intervenci\u00f3 humana. <\/p>\n\n\n\n<p>Creiem que en gran part de la zona de pinades madurs no s&#8217;haurian de realitzar cap actuaci\u00f3, ja que en un bosc tot influeix sobre tot.<\/p>\n\n\n\n<p>De\nnou, sembla que ens trobem amb un cas m\u00e9s d&#8217;humanitzar el bosc,\noblidant les esp\u00e8cies tant de flora i fauna existents amb creixement\nnatural. I indirectament davant l&#8217;explotaci\u00f3 de la fusta dels\nrecursos naturals. Implicant a m\u00e9s, la creaci\u00f3 o readaptaci\u00f3 de\npistes forestals, llocs de treu dels troncs, etc, el que implica\nencara m\u00e9s deteriorament de la zona.<\/p>\n\n\n\n<div class=\"wp-block-image\"><figure class=\"aligncenter size-large is-resized\"><img decoding=\"async\" loading=\"lazy\" src=\"http:\/\/www.internatura.org\/blog\/wp-content\/uploads\/2020\/12\/tala-IMG-20201113-WA0012-2.jpg\" alt=\"\" class=\"wp-image-7214\" width=\"319\" height=\"426\" srcset=\"https:\/\/internatura.org\/blog\/wp-content\/uploads\/2020\/12\/tala-IMG-20201113-WA0012-2.jpg 750w, https:\/\/internatura.org\/blog\/wp-content\/uploads\/2020\/12\/tala-IMG-20201113-WA0012-2-225x300.jpg 225w, https:\/\/internatura.org\/blog\/wp-content\/uploads\/2020\/12\/tala-IMG-20201113-WA0012-2-113x150.jpg 113w\" sizes=\"(max-width: 319px) 100vw, 319px\" \/><figcaption><em>Membre de l&#8217;GER mesurant el di\u00e0metre dels pins tallats<\/em><\/figcaption><\/figure><\/div>\n\n\n\n<p>Amb el que estem veient pensem que es va fer una gran destrossa de la zona, centenars de pins talats, grans \u00e0rees sense pins negres end\u00e8mics ni matoll aut\u00f2cton, on suposem que hi haur\u00e0 una gran inversi\u00f3 en una zona que no s&#8217;hauria d&#8217;intervenir en la mesura que estem veient.<\/p>\n\n\n\n<figure class=\"wp-block-image size-large is-resized\"><img decoding=\"async\" loading=\"lazy\" src=\"http:\/\/www.internatura.org\/blog\/wp-content\/uploads\/2020\/12\/image.png\" alt=\"\" class=\"wp-image-7223\" width=\"615\" height=\"312\" srcset=\"https:\/\/internatura.org\/blog\/wp-content\/uploads\/2020\/12\/image.png 1005w, https:\/\/internatura.org\/blog\/wp-content\/uploads\/2020\/12\/image-300x153.png 300w, https:\/\/internatura.org\/blog\/wp-content\/uploads\/2020\/12\/image-768x390.png 768w, https:\/\/internatura.org\/blog\/wp-content\/uploads\/2020\/12\/image-150x76.png 150w, https:\/\/internatura.org\/blog\/wp-content\/uploads\/2020\/12\/image-250x127.png 250w\" sizes=\"(max-width: 615px) 100vw, 615px\" \/><figcaption><em>Membre del GER col\u00b7locant la pancarta de den\u00fancia.<\/em><\/figcaption><\/figure>\n\n\n\n<p>Per tot aix\u00f2, el GER-EA ha demanat a la Conselleria de Medi Ambient, el propulsor i responsable del projecte, que <strong>paralitze les tales abusives<\/strong> i que es realitze una inspecci\u00f3 i vigil\u00e0ncia molt extricta per professionals, per evitar noves tales sense sentit, sota una aparen\u00e7a de restauraci\u00f3 d&#8217;h\u00e0bitat d&#8217;inter\u00e8s europeu.<\/p>\n\n\n\n<p class=\"has-text-align-center\"><em><strong>ENTRE\nTOTS EVITEM LA DESTRUCCI\u00d3 DELS BOSCOS<\/strong><\/em><\/p>\n\n\n\n<p class=\"has-text-align-center\"><em><strong>LLUITEM\nPEL NOSTRE PATRIMONI FORESTAL<\/strong><\/em><\/p>\n\n\n\n<p>Internatura: <a href=\"http:\/\/www.internatura.org\/campanya_tala_penyagolosa.php\">http:\/\/www.internatura.org\/campanya_tala_penyagolosa.php<\/a><\/p>\n\n\n\n<figure class=\"wp-block-video\"><video controls src=\"http:\/\/internatura.org\/videos\/APunt-Noticies-2020-11-12-20-30-Tala-bosc-Bovalar-Penyagolosa.mp4\"><\/video><figcaption>Not\u00edcia apareguda en la televisi\u00f3 auton\u00f2mica \u00c0 Punt, amb membres del GER<\/figcaption><\/figure>\n\n\n\n<p class=\"has-text-align-center\"><a rel=\"noreferrer noopener\" aria-label=\" (se abre en una nueva pesta\u00f1a)\" href=\"https:\/\/apuntmedia.es\/va\/noticies\/a-punt-ntc\/12112020-ntc-comarques\" target=\"_blank\">Enlla\u00e7 directe a la noticia en el portal d&#8217;\u00c0 Punt<\/a> (minut 06:20)<\/p>\n","protected":false},"excerpt":{"rendered":"<p>Grup d\u2019Estudi i Protecci\u00f3 dels Rapinyaires \u2013 Ecologistes en Acci\u00f3 (GER-EA) Tenint coneixement que a la zona del Bovalar del Penyagolosa, en terme de Vistabella del Maestrat, esta sent objecte de tales de grans pins negres (Pinus nigra subsp. Salzmanii) end\u00e8mics i indirectament de vegetaci\u00f3 arbustiva aut\u00f2ctona, sota un suposat \u2026 <a class=\"continue-reading-link\" href=\"https:\/\/internatura.org\/blog\/?p=7190\"> Continuar leyendo <span class=\"meta-nav\">&rarr; <\/span><\/a><\/p>\n","protected":false},"author":1,"featured_media":0,"comment_status":"closed","ping_status":"closed","sticky":false,"template":"","format":"standard","meta":[],"categories":[118],"tags":[44],"_links":{"self":[{"href":"https:\/\/internatura.org\/blog\/index.php?rest_route=\/wp\/v2\/posts\/7190"}],"collection":[{"href":"https:\/\/internatura.org\/blog\/index.php?rest_route=\/wp\/v2\/posts"}],"about":[{"href":"https:\/\/internatura.org\/blog\/index.php?rest_route=\/wp\/v2\/types\/post"}],"author":[{"embeddable":true,"href":"https:\/\/internatura.org\/blog\/index.php?rest_route=\/wp\/v2\/users\/1"}],"replies":[{"embeddable":true,"href":"https:\/\/internatura.org\/blog\/index.php?rest_route=%2Fwp%2Fv2%2Fcomments&post=7190"}],"version-history":[{"count":45,"href":"https:\/\/internatura.org\/blog\/index.php?rest_route=\/wp\/v2\/posts\/7190\/revisions"}],"predecessor-version":[{"id":7248,"href":"https:\/\/internatura.org\/blog\/index.php?rest_route=\/wp\/v2\/posts\/7190\/revisions\/7248"}],"wp:attachment":[{"href":"https:\/\/internatura.org\/blog\/index.php?rest_route=%2Fwp%2Fv2%2Fmedia&parent=7190"}],"wp:term":[{"taxonomy":"category","embeddable":true,"href":"https:\/\/internatura.org\/blog\/index.php?rest_route=%2Fwp%2Fv2%2Fcategories&post=7190"},{"taxonomy":"post_tag","embeddable":true,"href":"https:\/\/internatura.org\/blog\/index.php?rest_route=%2Fwp%2Fv2%2Ftags&post=7190"}],"curies":[{"name":"wp","href":"https:\/\/api.w.org\/{rel}","templated":true}]}}