{"id":733,"date":"2012-02-27T23:58:56","date_gmt":"2012-02-27T22:58:56","guid":{"rendered":"http:\/\/www.internatura.org\/blog\/?p=733"},"modified":"2014-11-11T08:18:58","modified_gmt":"2014-11-11T08:18:58","slug":"observant-gavines-lectura-danelles-27-02-2012","status":"publish","type":"post","link":"https:\/\/internatura.org\/blog\/?p=733","title":{"rendered":"Observant gavines. Lectura d&#8217;anelles. 27-02-2012"},"content":{"rendered":"<p style=\"text-align: justify;\">El 27 de febrer-2012 es fa un nou recompte de les gavines del Port de Borriana. Es detecta el manteniment de les gavines capnegres i un lleuger augment de les gavines corsa.<\/p>\n<p style=\"text-align: justify;\">A la taula seg\u00fcent podeu veure les observacions.<\/p>\n<table width=\"160\" border=\"0\" cellspacing=\"0\" cellpadding=\"0\">\n<colgroup>\n<col span=\"2\" width=\"80\" \/> <\/colgroup>\n<tbody>\n<tr>\n<td width=\"80\" height=\"17\"><em>Larus melanocephalus<\/em><\/td>\n<td width=\"80\">400<\/td>\n<\/tr>\n<tr>\n<td height=\"17\"><em>Larus audouinii<\/em><\/td>\n<td>32<\/td>\n<\/tr>\n<tr>\n<td height=\"17\"><em>Larus michahellis<\/em><\/td>\n<td>12<\/td>\n<\/tr>\n<tr>\n<td height=\"17\"><em>Larus ridibundus<\/em><\/td>\n<td>250<\/td>\n<\/tr>\n<tr>\n<td height=\"17\"><em>Larus fuscus<\/em><\/td>\n<td>8<\/td>\n<\/tr>\n<tr>\n<td height=\"17\"><em>Egretta garzetta<\/em><\/td>\n<td>1<\/td>\n<\/tr>\n<tr>\n<td height=\"17\"><em>Sterna sandvicensis<\/em><\/td>\n<td>5<\/td>\n<\/tr>\n<tr>\n<td height=\"17\"><em>Larus delawarensis<\/em><\/td>\n<td>1<\/td>\n<\/tr>\n<tr>\n<td height=\"17\"><em>Falco tinnunculus<\/em><\/td>\n<td>2<\/td>\n<\/tr>\n<tr>\n<td height=\"17\"><em>Phalacrocorax carbo<\/em><\/td>\n<td>28<\/td>\n<\/tr>\n<\/tbody>\n<\/table>\n<p><a href=\"http:\/\/www.internatura.org\/blog\/wp-content\/uploads\/2012\/03\/Reidora-rosa-27-2-12-IMG_82.jpg\" rel=\"lightbox\" data-rel=\"lightbox-image-0\" data-rl_title=\"\" data-rl_caption=\"\"><img decoding=\"async\" loading=\"lazy\" class=\" alignleft\" title=\"\" src=\"http:\/\/www.internatura.org\/blog\/wp-content\/uploads\/2012\/03\/Reidora-rosa-27-2-12-IMG_82.jpg\" alt=\"\" width=\"169\" height=\"157\" \/><\/a><\/p>\n<p>No sembla apreciar l&#8217;augment de les gavines corses, ni tampoc les altres esp\u00e8cies. Sembla una situaci\u00f3 similar a la obserada durant tota la setmana.<\/p>\n<p>S&#8217;aprecien com les gavines capnegres com les vulgars comencen amb plomatge nupcial.<\/p>\n<p>Tamb\u00e9 es detecta alguna gavina vulgar amb una lleugera tonalitat rosada a les plomes del pit i abdomen, aspecte que est\u00e0 relacionat per la ingesta de crustacis (foto).<\/p>\n<p style=\"text-align: justify;\">Sembla que aquest color no \u00e9s detectat en tots els exemplars que s&#8217;alimenten d&#8217;aquest crustaci, sembla que apareix quan la ingesta arriba a un punt molt elevat.<\/p>\n<p>No sembla apreciar l&#8217;augment de les gavines corses, ni tampoc les altres esp\u00e8cies. Sembla una situaci\u00f3 similar a la obserada durant tota la setmana.<\/p>\n<p>S&#8217;aprecien com les gavines capnegres com les vulgars comencen amb plomatge nupcial.<\/p>\n<p style=\"text-align: center;\"><a href=\"http:\/\/www.internatura.org\/blog\/wp-content\/uploads\/2012\/03\/Reidora-27-2-2012.jpg\" rel=\"lightbox\" data-rel=\"lightbox-image-1\" data-rl_title=\"\" data-rl_caption=\"\"><img decoding=\"async\" loading=\"lazy\" title=\"\" src=\"http:\/\/www.internatura.org\/blog\/wp-content\/uploads\/2012\/03\/Reidora-27-2-2012.jpg\" alt=\"\" width=\"174\" height=\"140\" \/><\/a>\u00a0 <a href=\"http:\/\/www.internatura.org\/blog\/wp-content\/uploads\/2012\/03\/Cabecine-27-02-12-lIMG_8279.jpg\" rel=\"lightbox\" data-rel=\"lightbox-image-2\" data-rl_title=\"\" data-rl_caption=\"\"><img decoding=\"async\" loading=\"lazy\" title=\"\" src=\"http:\/\/www.internatura.org\/blog\/wp-content\/uploads\/2012\/03\/Cabecine-27-02-12-lIMG_8279.jpg\" alt=\"\" width=\"141\" height=\"139\" \/><\/a>\u00a0 <a href=\"http:\/\/www.internatura.org\/blog\/wp-content\/uploads\/2012\/03\/Cabecinegras-27-2-12-IMG_81.jpg\" rel=\"lightbox\" data-rel=\"lightbox-image-3\" data-rl_title=\"\" data-rl_caption=\"\"><img decoding=\"async\" loading=\"lazy\" title=\"\" src=\"http:\/\/www.internatura.org\/blog\/wp-content\/uploads\/2012\/03\/Cabecinegras-27-2-12-IMG_81.jpg\" alt=\"\" width=\"235\" height=\"187\" \/><\/a><\/p>\n<h4 style=\"text-align: center;\"><em>\u00a0\u00a0\u00a0\u00a0\u00a0\u00a0\u00a0\u00a0\u00a0\u00a0\u00a0 Gavina vulgar\u00a0\u00a0\u00a0\u00a0\u00a0\u00a0\u00a0\u00a0 \u00a0 \u00a0 \u00a0 \u00a0\u00a0 Gavina capnegre\u00a0\u00a0\u00a0\u00a0\u00a0\u00a0\u00a0\u00a0\u00a0\u00a0\u00a0\u00a0\u00a0\u00a0\u00a0\u00a0\u00a0\u00a0\u00a0 Distintas etapas de muda<br \/>\n<\/em><\/h4>\n<h4><\/h4>\n<p>Les anelles llegides nom\u00e9s han correspost a les gavines audouins, cridant l&#8217;atenci\u00f3 la gavina delaware descansant entre elles.<\/p>\n<p>Lectures: Anillas color blanco amb incripcions alfanum\u00e9riques: <a href=\"http:\/\/www.internatura.org\/aocv\/anillas_verficha.php?id=298\">AA4R<\/a>; <a href=\"http:\/\/www.internatura.org\/aocv\/anillas_verficha.php?id=99\">AFS6<\/a>; <a href=\"http:\/\/www.internatura.org\/aocv\/anillas_verficha.php?id=1210\">AX44<\/a>; <a href=\"http:\/\/www.internatura.org\/aocv\/anillas_verficha.php?id=1449\">BDM3<\/a>; <a href=\"http:\/\/www.internatura.org\/aocv\/anillas_verficha.php?id=1446\">AX00<\/a>; <a href=\"http:\/\/www.internatura.org\/aocv\/anillas_verficha.php?id=1447\">ALN1<\/a>; <a href=\"http:\/\/www.internatura.org\/aocv\/anillas_verficha.php?id=1448\">AT6C.<\/a><\/p>\n<h5 style=\"text-align: center;\"><a href=\"http:\/\/www.internatura.org\/blog\/wp-content\/uploads\/2012\/03\/Delaware-27-2-12-IMG_8480.jpg\" rel=\"lightbox\" data-rel=\"lightbox-image-4\" data-rl_title=\"\" data-rl_caption=\"\"><img decoding=\"async\" loading=\"lazy\" class=\"aligncenter size-full wp-image-803\" title=\"\" src=\"http:\/\/www.internatura.org\/blog\/wp-content\/uploads\/2012\/03\/Delaware-27-2-12-IMG_8480.jpg\" alt=\"\" width=\"800\" height=\"255\" srcset=\"https:\/\/internatura.org\/blog\/wp-content\/uploads\/2012\/03\/Delaware-27-2-12-IMG_8480.jpg 800w, https:\/\/internatura.org\/blog\/wp-content\/uploads\/2012\/03\/Delaware-27-2-12-IMG_8480-300x95.jpg 300w\" sizes=\"(max-width: 800px) 100vw, 800px\" \/><\/a><em>Grup de gavines audouins, alguna anellada, al costat d&#8217;un exemplar de gavina delaware i g. capnegres. 27\/02\/2012<\/em><\/h5>\n<p style=\"text-align: justify;\">El mateix dia vam fer una vista al Clot de la Mare de D\u00e9u, al costat de la platja de Borriana. Observem diferents esp\u00e8cies d&#8217;aus com gafarrons, pit-rojos, pins\u00e0, totestiu, busquereta capnegra, busquereta de casquet, etc .., destacant una parella de corbs marins grans, algunes an\u00e0tides dom\u00e8stiques, fotja, gallineta, gavines vulgars, etc ..<br \/>\nDestaca la pres\u00e8ncia al riu d&#8217;uns 30 tortugues de Florida (<em><a href=\"..\/..\/avcs\/ficha.php?idesp=143\">Trachemys scripta<\/a><\/em>) i un escur\u00e7o (<em><a href=\"..\/..\/avcs\/ficha.php?idesp=88\">Natrix maura<\/a><\/em>).<\/p>\n<h4 style=\"text-align: center;\">\u00a0<em><a href=\"http:\/\/www.internatura.org\/blog\/wp-content\/uploads\/2012\/03\/Cormoran-27-2-12-IMG_8362.jpg\" rel=\"lightbox\" data-rel=\"lightbox-image-5\" data-rl_title=\"\" data-rl_caption=\"\"><img decoding=\"async\" loading=\"lazy\" title=\"\" src=\"http:\/\/www.internatura.org\/blog\/wp-content\/uploads\/2012\/03\/Cormoran-27-2-12-IMG_8362.jpg\" alt=\"\" width=\"82\" height=\"132\" \/><\/a>\u00a0 <a href=\"http:\/\/www.internatura.org\/blog\/wp-content\/uploads\/2012\/03\/Cormoran-27-2-2012-IMG_8353.jpg\" rel=\"lightbox\" data-rel=\"lightbox-image-6\" data-rl_title=\"\" data-rl_caption=\"\"><img decoding=\"async\" loading=\"lazy\" title=\"\" src=\"http:\/\/www.internatura.org\/blog\/wp-content\/uploads\/2012\/03\/Cormoran-27-2-2012-IMG_8353.jpg\" alt=\"\" width=\"117\" height=\"185\" \/><\/a>\u00a0<a href=\"http:\/\/www.internatura.org\/blog\/wp-content\/uploads\/2012\/03\/Cormor-27-2-12-IMG_8216.jpg\" rel=\"lightbox\" data-rel=\"lightbox-image-7\" data-rl_title=\"\" data-rl_caption=\"\"><img decoding=\"async\" loading=\"lazy\" title=\"\" src=\"http:\/\/www.internatura.org\/blog\/wp-content\/uploads\/2012\/03\/Cormor-27-2-12-IMG_8216.jpg\" alt=\"\" width=\"329\" height=\"217\" \/><\/a><\/em><\/h4>\n<h4 style=\"text-align: center;\"><em>Diferents zones amb Corbs marins grans, Clot Mare de D\u00e9u i Port de Borriana<\/em><\/h4>\n<p style=\"text-align: center;\"><a href=\"http:\/\/www.internatura.org\/blog\/wp-content\/uploads\/2012\/03\/Serp-b-27-02-2012-Clot-IMG_.jpg\" rel=\"lightbox\" data-rel=\"lightbox-image-8\" data-rl_title=\"\" data-rl_caption=\"\"><img decoding=\"async\" loading=\"lazy\" title=\"\" src=\"http:\/\/www.internatura.org\/blog\/wp-content\/uploads\/2012\/03\/Serp-b-27-02-2012-Clot-IMG_.jpg\" alt=\"\" width=\"193\" height=\"107\" \/><\/a> <a href=\"http:\/\/www.internatura.org\/blog\/wp-content\/uploads\/2012\/03\/Tortuga-Florida-IMG_7508.jpg\" rel=\"lightbox\" data-rel=\"lightbox-image-9\" data-rl_title=\"\" data-rl_caption=\"\"><img decoding=\"async\" loading=\"lazy\" title=\"\" src=\"http:\/\/www.internatura.org\/blog\/wp-content\/uploads\/2012\/03\/Tortuga-Florida-IMG_7508.jpg\" alt=\"\" width=\"161\" height=\"179\" \/><\/a><\/p>\n<h4 style=\"text-align: center;\"><em>Diferents r\u00e8ptils localitzats al Clot de la Mare de D\u00e9u. Serp d&#8217;aigua i tortugues<\/em><\/h4>\n<p>&nbsp;<\/p>\n<p>&nbsp;<\/p>\n","protected":false},"excerpt":{"rendered":"<p>El 27 de febrer-2012 es fa un nou recompte de les gavines del Port de Borriana. Es detecta el manteniment de les gavines capnegres i un lleuger augment de les gavines corsa. A la taula seg\u00fcent podeu veure les observacions. Larus melanocephalus 400 Larus audouinii 32 Larus michahellis 12 Larus \u2026 <a class=\"continue-reading-link\" href=\"https:\/\/internatura.org\/blog\/?p=733\"> Continuar leyendo <span class=\"meta-nav\">&rarr; <\/span><\/a><\/p>\n","protected":false},"author":1,"featured_media":0,"comment_status":"closed","ping_status":"closed","sticky":false,"template":"","format":"standard","meta":[],"categories":[25],"tags":[32,6],"_links":{"self":[{"href":"https:\/\/internatura.org\/blog\/index.php?rest_route=\/wp\/v2\/posts\/733"}],"collection":[{"href":"https:\/\/internatura.org\/blog\/index.php?rest_route=\/wp\/v2\/posts"}],"about":[{"href":"https:\/\/internatura.org\/blog\/index.php?rest_route=\/wp\/v2\/types\/post"}],"author":[{"embeddable":true,"href":"https:\/\/internatura.org\/blog\/index.php?rest_route=\/wp\/v2\/users\/1"}],"replies":[{"embeddable":true,"href":"https:\/\/internatura.org\/blog\/index.php?rest_route=%2Fwp%2Fv2%2Fcomments&post=733"}],"version-history":[{"count":31,"href":"https:\/\/internatura.org\/blog\/index.php?rest_route=\/wp\/v2\/posts\/733\/revisions"}],"predecessor-version":[{"id":942,"href":"https:\/\/internatura.org\/blog\/index.php?rest_route=\/wp\/v2\/posts\/733\/revisions\/942"}],"wp:attachment":[{"href":"https:\/\/internatura.org\/blog\/index.php?rest_route=%2Fwp%2Fv2%2Fmedia&parent=733"}],"wp:term":[{"taxonomy":"category","embeddable":true,"href":"https:\/\/internatura.org\/blog\/index.php?rest_route=%2Fwp%2Fv2%2Fcategories&post=733"},{"taxonomy":"post_tag","embeddable":true,"href":"https:\/\/internatura.org\/blog\/index.php?rest_route=%2Fwp%2Fv2%2Ftags&post=733"}],"curies":[{"name":"wp","href":"https:\/\/api.w.org\/{rel}","templated":true}]}}