{"id":788,"date":"2012-03-03T23:25:48","date_gmt":"2012-03-03T22:25:48","guid":{"rendered":"http:\/\/www.internatura.org\/blog\/?p=788"},"modified":"2014-11-11T08:18:58","modified_gmt":"2014-11-11T08:18:58","slug":"conills-conills-i-mes-conills-a-laeroport-de-vianants-de-castello","status":"publish","type":"post","link":"https:\/\/internatura.org\/blog\/?p=788","title":{"rendered":"Conills, conills i m\u00e9s conills a l&#8217;aeroport peatonal de Castell\u00f3. 3\/03\/2012"},"content":{"rendered":"<p style=\"text-align: justify;\"><a href=\"http:\/\/www.internatura.org\/blog\/wp-content\/uploads\/2012\/03\/Conill-ikjh-3-3-12-IMG_8570.jpg\" rel=\"lightbox\" data-rel=\"lightbox-image-0\" data-rl_title=\"\" data-rl_caption=\"\"><img decoding=\"async\" loading=\"lazy\" class=\"aligncenter size-full wp-image-835\" title=\"\" src=\"http:\/\/www.internatura.org\/blog\/wp-content\/uploads\/2012\/03\/Conill-ikjh-3-3-12-IMG_8570.jpg\" alt=\"\" width=\"602\" height=\"412\" \/><\/a><\/p>\n<p style=\"text-align: justify;\">El dia 3 de mar\u00e7, despr\u00e9s d&#8217;un control dels territoris d&#8217;\u00e0guila de panxa blanca, que per cert va sortir fustrats per no poder localitzar cap territori ocupat per \u00e0guiles, i tornant cap a casa. En passar per la localitat de Vilanova d&#8217;Alcolea entrem per la pista asfaltada de l&#8217;aeroport de Castell\u00f3, amb l&#8217;objectiu de visualitzar alguns conills.<\/p>\n<p style=\"text-align: justify;\">Nom\u00e9s ens desplacem per la part oest de l&#8217;aeroport, a una velocitat de 20 -30 km \/ h. per tal de detectar el major nombre de conills a la zona. El recorregut es va fer desde les 18: 54 a 19:07 h., \u00e9s a dir en menys d&#8217;un quart d&#8217;hora.<\/p>\n<p style=\"text-align: center;\"><a href=\"http:\/\/www.internatura.org\/blog\/wp-content\/uploads\/2012\/03\/Conill-a-3-3-12-IMG_8570.jpg\" rel=\"lightbox\" data-rel=\"lightbox-image-1\" data-rl_title=\"\" data-rl_caption=\"\"><img decoding=\"async\" loading=\"lazy\" title=\"\" src=\"http:\/\/www.internatura.org\/blog\/wp-content\/uploads\/2012\/03\/Conill-a-3-3-12-IMG_8570.jpg\" alt=\"\" width=\"125\" height=\"84\" \/><\/a> \u00a0 <a href=\"http:\/\/www.internatura.org\/blog\/wp-content\/uploads\/2012\/03\/Conill-b-3-3-12-IMG_8570.jpg\" rel=\"lightbox\" data-rel=\"lightbox-image-2\" data-rl_title=\"\" data-rl_caption=\"\"><img decoding=\"async\" loading=\"lazy\" title=\"\" src=\"http:\/\/www.internatura.org\/blog\/wp-content\/uploads\/2012\/03\/Conill-b-3-3-12-IMG_8570.jpg\" alt=\"\" width=\"199\" height=\"94\" \/><\/a>\u00a0\u00a0 <a href=\"http:\/\/www.internatura.org\/blog\/wp-content\/uploads\/2012\/03\/Conill-f-3-3-12-IMG_8570.jpg\" rel=\"lightbox\" data-rel=\"lightbox-image-3\" data-rl_title=\"\" data-rl_caption=\"\"><img decoding=\"async\" loading=\"lazy\" title=\"\" src=\"http:\/\/www.internatura.org\/blog\/wp-content\/uploads\/2012\/03\/Conill-f-3-3-12-IMG_8570.jpg\" alt=\"\" width=\"222\" height=\"134\" \/><\/a><\/p>\n<h4 style=\"text-align: center;\"><em>Zona amb major concentraci\u00f3 de conills. Davant de la torre de control.<\/em><\/h4>\n<p style=\"text-align: center;\">\u00a0 <a href=\"http:\/\/www.internatura.org\/blog\/wp-content\/uploads\/2012\/03\/Conill-c-3-3-12-IMG_8570.jpg\" rel=\"lightbox\" data-rel=\"lightbox-image-4\" data-rl_title=\"\" data-rl_caption=\"\"><img decoding=\"async\" loading=\"lazy\" title=\"\" src=\"http:\/\/www.internatura.org\/blog\/wp-content\/uploads\/2012\/03\/Conill-c-3-3-12-IMG_8570.jpg\" alt=\"\" width=\"150\" height=\"124\" \/><\/a>\u00a0 <a href=\"http:\/\/www.internatura.org\/blog\/wp-content\/uploads\/2012\/03\/Conill-d-3-3-12-IMG_8570.jpg\" rel=\"lightbox\" data-rel=\"lightbox-image-5\" data-rl_title=\"\" data-rl_caption=\"\"><img decoding=\"async\" loading=\"lazy\" title=\"\" src=\"http:\/\/www.internatura.org\/blog\/wp-content\/uploads\/2012\/03\/Conill-d-3-3-12-IMG_8570.jpg\" alt=\"\" width=\"166\" height=\"103\" \/><\/a>\u00a0 <a href=\"http:\/\/www.internatura.org\/blog\/wp-content\/uploads\/2012\/03\/Conill-e-3-3-12-IMG_8570.jpg\" rel=\"lightbox\" data-rel=\"lightbox-image-6\" data-rl_title=\"\" data-rl_caption=\"\"><img decoding=\"async\" loading=\"lazy\" title=\"\" src=\"http:\/\/www.internatura.org\/blog\/wp-content\/uploads\/2012\/03\/Conill-e-3-3-12-IMG_8570.jpg\" alt=\"\" width=\"129\" height=\"91\" \/><\/a>\u00a0\u00a0 <a href=\"http:\/\/www.internatura.org\/blog\/wp-content\/uploads\/2012\/03\/Conill-h-3-3-12-IMG_8570.jpg\" rel=\"lightbox\" data-rel=\"lightbox-image-7\" data-rl_title=\"\" data-rl_caption=\"\"><img decoding=\"async\" loading=\"lazy\" title=\"\" src=\"http:\/\/www.internatura.org\/blog\/wp-content\/uploads\/2012\/03\/Conill-h-3-3-12-IMG_8570.jpg\" alt=\"\" width=\"161\" height=\"80\" \/><\/a><a href=\"http:\/\/www.internatura.org\/blog\/wp-content\/uploads\/2012\/03\/Conill-g-3-3-12-IMG_8570.jpg\" rel=\"lightbox\" data-rel=\"lightbox-image-8\" data-rl_title=\"\" data-rl_caption=\"\"><img decoding=\"async\" loading=\"lazy\" class=\"aligncenter size-full wp-image-844\" title=\"\" src=\"http:\/\/www.internatura.org\/blog\/wp-content\/uploads\/2012\/03\/Conill-g-3-3-12-IMG_8570.jpg\" alt=\"\" width=\"700\" height=\"190\" srcset=\"https:\/\/internatura.org\/blog\/wp-content\/uploads\/2012\/03\/Conill-g-3-3-12-IMG_8570.jpg 700w, https:\/\/internatura.org\/blog\/wp-content\/uploads\/2012\/03\/Conill-g-3-3-12-IMG_8570-300x81.jpg 300w\" sizes=\"(max-width: 700px) 100vw, 700px\" \/><\/a><a href=\"http:\/\/www.elmundo.es\/elmundo\/2011\/12\/14\/castellon\/1323877164.html\">Alguns conills fotografiat a l&#8217;aeroport de Castell\u00f3<\/a> 3\/03\/2012<\/p>\n<p style=\"text-align: justify;\">En total comptabilitzem 34 conills que entraven i sortien de la tanca de l&#8217;aeroport. La major concentraci\u00f3 va ser a la part central i nord de la pista.<\/p>\n<h4 style=\"text-align: center;\">\u00a0<em><a href=\"http:\/\/www.internatura.org\/blog\/wp-content\/uploads\/2012\/03\/Conill-i-3-3-12-IMG_8570.jpg\" rel=\"lightbox\" data-rel=\"lightbox-image-9\" data-rl_title=\"\" data-rl_caption=\"\"><img decoding=\"async\" loading=\"lazy\" title=\"\" src=\"http:\/\/www.internatura.org\/blog\/wp-content\/uploads\/2012\/03\/Conill-i-3-3-12-IMG_8570.jpg\" alt=\"\" width=\"110\" height=\"77\" \/><\/a>\u00a0 <a href=\"http:\/\/www.internatura.org\/blog\/wp-content\/uploads\/2012\/03\/Conill-j-3-3-12-IMG_8570.jpg\" rel=\"lightbox\" data-rel=\"lightbox-image-10\" data-rl_title=\"\" data-rl_caption=\"\"><img decoding=\"async\" loading=\"lazy\" title=\"\" src=\"http:\/\/www.internatura.org\/blog\/wp-content\/uploads\/2012\/03\/Conill-j-3-3-12-IMG_8570.jpg\" alt=\"\" width=\"137\" height=\"107\" \/><\/a>\u00a0 <a href=\"http:\/\/www.internatura.org\/blog\/wp-content\/uploads\/2012\/03\/Conill-k-3-3-12-IMG_8570.jpg\" rel=\"lightbox\" data-rel=\"lightbox-image-11\" data-rl_title=\"\" data-rl_caption=\"\"><img decoding=\"async\" loading=\"lazy\" title=\"\" src=\"http:\/\/www.internatura.org\/blog\/wp-content\/uploads\/2012\/03\/Conill-k-3-3-12-IMG_8570.jpg\" alt=\"\" width=\"287\" height=\"114\" \/><\/a><\/em><\/h4>\n<h4 style=\"text-align: center;\"><em>\u00a0 <a href=\"http:\/\/www.internatura.org\/blog\/wp-content\/uploads\/2012\/03\/Conill-l-3-3-12-IMG_8570.jpg\" rel=\"lightbox\" data-rel=\"lightbox-image-12\" data-rl_title=\"\" data-rl_caption=\"\"><img decoding=\"async\" loading=\"lazy\" title=\"\" src=\"http:\/\/www.internatura.org\/blog\/wp-content\/uploads\/2012\/03\/Conill-l-3-3-12-IMG_8570.jpg\" alt=\"\" width=\"198\" height=\"132\" \/><\/a>\u00a0 <a href=\"http:\/\/www.internatura.org\/blog\/wp-content\/uploads\/2012\/03\/Conill-llkj-3-3-12-IMG_8570.jpg\" rel=\"lightbox\" data-rel=\"lightbox-image-13\" data-rl_title=\"\" data-rl_caption=\"\"><img decoding=\"async\" loading=\"lazy\" title=\"\" src=\"http:\/\/www.internatura.org\/blog\/wp-content\/uploads\/2012\/03\/Conill-llkj-3-3-12-IMG_8570.jpg\" alt=\"\" width=\"189\" height=\"114\" \/><\/a>\u00a0\u00a0<a href=\"http:\/\/www.internatura.org\/blog\/wp-content\/uploads\/2012\/03\/Conill-ol-3-3-12-IMG_8570.jpg\" rel=\"lightbox\" data-rel=\"lightbox-image-14\" data-rl_title=\"\" data-rl_caption=\"\"><img decoding=\"async\" loading=\"lazy\" title=\"\" src=\"http:\/\/www.internatura.org\/blog\/wp-content\/uploads\/2012\/03\/Conill-ol-3-3-12-IMG_8570.jpg\" alt=\"\" width=\"190\" height=\"94\" \/><\/a><\/em><\/h4>\n<h4 style=\"text-align: center;\"><em>Alguns conills vius i morts de l&#8217;aeroport 3\/03\/2012<\/em><\/h4>\n<p style=\"text-align: justify;\">En el recorregut vam poder detectar la pres\u00e8ncia de diverses rapinyaires, 3 xoriguers i 2 busardo aligots.<\/p>\n<p style=\"text-align: center;\"><a href=\"http:\/\/www.internatura.org\/blog\/wp-content\/uploads\/2012\/03\/Conill-lll-3-3-12-IMG_8570.jpg\" rel=\"lightbox\" data-rel=\"lightbox-image-15\" data-rl_title=\"\" data-rl_caption=\"\"><img decoding=\"async\" loading=\"lazy\" title=\"\" src=\"http:\/\/www.internatura.org\/blog\/wp-content\/uploads\/2012\/03\/Conill-lll-3-3-12-IMG_8570.jpg\" alt=\"\" width=\"174\" height=\"113\" \/><\/a>\u00a0\u00a0 <a href=\"http:\/\/www.internatura.org\/blog\/wp-content\/uploads\/2012\/03\/Conill-j-ratone-3-3-12-IMG_.jpg\" rel=\"lightbox\" data-rel=\"lightbox-image-16\" data-rl_title=\"\" data-rl_caption=\"\"><img decoding=\"async\" loading=\"lazy\" title=\"\" src=\"http:\/\/www.internatura.org\/blog\/wp-content\/uploads\/2012\/03\/Conill-j-ratone-3-3-12-IMG_.jpg\" alt=\"\" width=\"316\" height=\"138\" \/><\/a><\/p>\n<h4 style=\"text-align: center;\"><em>Conill amb aligot volan bordejant la pista de l&#8217;aeroport 3\/03\/2012<\/em><\/h4>\n<p>&nbsp;<\/p>\n<div id=\"gt-res-content\">\n<p style=\"text-align: justify;\" dir=\"ltr\">La zona de l&#8217;aeroport s&#8217;ha transformat com una de les millors zones de la prov\u00edncia de Castell\u00f3 pel que fa a recursos tr\u00f2fics per a les grans \u00e0guiles. En altres visites hem detectat la pres\u00e8ncia d&#8217;\u00e0guiles reials, \u00e0guiles de panxa blanca, que per cert van morir electrocutades l&#8217;any passat en una l\u00ednia el\u00e8ctrica propera, la pres\u00e8ncia d&#8217;\u00e0guiles cal\u00e7ades algunes de proced\u00e8ncia llunyana (seguida per radiotransmissor), astors, els ja comentats aligots, i en breu s&#8217;uniran els esparvers cendrosos i les \u00e0guiles serpeteres. Tot un grup de rapinyaires, molt interessant algunes d&#8217;elles en perill. Suposem que aquestos rapinyaires di\u00fcrnes s&#8217;uneixen les rapinyaires nocturnes present a la zona.<br \/>\nConsiderem que la pres\u00e8ncia de conill i altres vertebrats, potencials esp\u00e8cies presa, s\u00f3n element principal per la pres\u00e8ncia de tan elevada varietat de rapinyaires.<\/p>\n<\/div>\n<p style=\"text-align: justify;\"><em>Fotograf\u00edes: Josep Bort desde dintre del cotxe<\/em>.<\/p>\n","protected":false},"excerpt":{"rendered":"<p>El dia 3 de mar\u00e7, despr\u00e9s d&#8217;un control dels territoris d&#8217;\u00e0guila de panxa blanca, que per cert va sortir fustrats per no poder localitzar cap territori ocupat per \u00e0guiles, i tornant cap a casa. En passar per la localitat de Vilanova d&#8217;Alcolea entrem per la pista asfaltada de l&#8217;aeroport de \u2026 <a class=\"continue-reading-link\" href=\"https:\/\/internatura.org\/blog\/?p=788\"> Continuar leyendo <span class=\"meta-nav\">&rarr; <\/span><\/a><\/p>\n","protected":false},"author":1,"featured_media":0,"comment_status":"closed","ping_status":"closed","sticky":false,"template":"","format":"standard","meta":[],"categories":[8],"tags":[33,34],"_links":{"self":[{"href":"https:\/\/internatura.org\/blog\/index.php?rest_route=\/wp\/v2\/posts\/788"}],"collection":[{"href":"https:\/\/internatura.org\/blog\/index.php?rest_route=\/wp\/v2\/posts"}],"about":[{"href":"https:\/\/internatura.org\/blog\/index.php?rest_route=\/wp\/v2\/types\/post"}],"author":[{"embeddable":true,"href":"https:\/\/internatura.org\/blog\/index.php?rest_route=\/wp\/v2\/users\/1"}],"replies":[{"embeddable":true,"href":"https:\/\/internatura.org\/blog\/index.php?rest_route=%2Fwp%2Fv2%2Fcomments&post=788"}],"version-history":[{"count":26,"href":"https:\/\/internatura.org\/blog\/index.php?rest_route=\/wp\/v2\/posts\/788\/revisions"}],"predecessor-version":[{"id":944,"href":"https:\/\/internatura.org\/blog\/index.php?rest_route=\/wp\/v2\/posts\/788\/revisions\/944"}],"wp:attachment":[{"href":"https:\/\/internatura.org\/blog\/index.php?rest_route=%2Fwp%2Fv2%2Fmedia&parent=788"}],"wp:term":[{"taxonomy":"category","embeddable":true,"href":"https:\/\/internatura.org\/blog\/index.php?rest_route=%2Fwp%2Fv2%2Fcategories&post=788"},{"taxonomy":"post_tag","embeddable":true,"href":"https:\/\/internatura.org\/blog\/index.php?rest_route=%2Fwp%2Fv2%2Ftags&post=788"}],"curies":[{"name":"wp","href":"https:\/\/api.w.org\/{rel}","templated":true}]}}