{"id":834,"date":"2012-03-03T00:17:46","date_gmt":"2012-03-03T23:17:46","guid":{"rendered":"http:\/\/www.internatura.org\/blog\/?p=834"},"modified":"2014-11-11T08:18:58","modified_gmt":"2014-11-11T08:18:58","slug":"viatge-dels-ornitolegs-de-lanuari-ornitologic-de-la-comunitat-valenciana-al-sud-dalacant","status":"publish","type":"post","link":"https:\/\/internatura.org\/blog\/?p=834","title":{"rendered":"Viatge dels ornit\u00f2legs de l&#8217;Anuari Ornitol\u00f2gic de la Comunitat Valenciana al Sud d&#8217;Alacant. 3\/03\/2012"},"content":{"rendered":"<p style=\"text-align: justify;\"><a href=\"http:\/\/www.internatura.org\/blog\/wp-content\/uploads\/2012\/03\/Ornitolecs-5-3-2011-Alacant.jpg\" rel=\"lightbox\" data-rel=\"lightbox-image-0\" data-rl_title=\"\" data-rl_caption=\"\"><img decoding=\"async\" loading=\"lazy\" class=\"aligncenter  wp-image-879\" title=\"\" src=\"http:\/\/www.internatura.org\/blog\/wp-content\/uploads\/2012\/03\/Ornitolecs-5-3-2011-Alacant.jpg\" alt=\"\" width=\"565\" height=\"462\" \/><\/a><\/p>\n<p style=\"text-align: justify;\">El passat 3 de mar\u00e7 es van traslladar ornit\u00f2legs que organitzen i col \u00b7 laboren en l&#8217;A<a href=\"http:\/\/www.internatura.org\/aocv\/\">nuari Ornotol\u00f3gics de la Comunitat Valenciana<\/a>, del que forma part el GER-EA. Es van despla\u00e7ar al viatge anual des de les prov\u00edncies de Castell\u00f3, Val\u00e8ncia i Alacant.<\/p>\n<p>A continuaci\u00f3 es reprodueix el text de l&#8217;amic i ornit\u00f2leg castellonenc Miquel Tirado del Grup Au d&#8217;Anellament.<\/p>\n<p style=\"text-align: justify;\">\u00abViatge dels ornit\u00f2legs de l&#8217;Anuari Ornitol\u00f2gic de la Comunitat Valenciana al Sud d&#8217;Alacant.<\/p>\n<p style=\"text-align: justify;\">Hola a tots!<\/p>\n<p style=\"text-align: justify;\">us envio aquesta nota per comentar-vos com va ser l&#8217;excursi\u00f3 a Alacant.<\/p>\n<p style=\"text-align: justify;\">Primer de tot donar les gr\u00e0cies a Julio Merayo i\u00a0 Guille Major, que van resultar ser uns excel \u00b7 lents guies i amfitrions. Tot va resultar perfecte.<\/p>\n<p style=\"text-align: justify;\">La visita la varem comen\u00e7ar al Fondo. Per als que no hav\u00edem estat mai en aquest paratge, l&#8217;\u00e0rea resulta espectacular. Comencem a la bassa de Ponent, una enorme bassa d&#8217;aig\u00fces succintes petadas de bestioles. Gavines vulgars a milers, \u00e0necs per a avorrir (sorprenent quantitat de pots blancs) i alguns grups de lim\u00edcoles. De tota manera havia poca aigua i les aus estaven massa lluny per poder fer una llista completa. All\u00e0 Jodri Miralles va descobrir una clanga posada en una illa menjant el que semblava una gavina vulgar. Encara era lluny, vam poder veure tranquil \u00b7 lament amb els tastos. Semblava una au immadura amb les seves taques blanques, encara que no eren massa abundants &#8230; Tamb\u00e9 ens va cridar l&#8217;antenci\u00f3 el munt de cal\u00e7ades que vam poder veure de totes les fases, calculo que unes 15 &#8230; alguns arpelles i passeriformes de marjal t\u00edpics: teixidor, repicatalons, CETIA rossinyol i una abund\u00e0ncia gaireb\u00e9 a nivell de plaga de mosquiter. Increible els milers d&#8217;exemplars que havien de pul \u00b7 lular pels canyissars aprofitant l&#8217;abund\u00e0ncia de mosquetes i mosquits diversos que formaven n\u00favols bastant densos.<\/p>\n<p style=\"text-align: justify;\">Despr\u00e9s de l&#8217;\u00e8xit amb la clanga ens vam traslladar a l&#8217;altra gran bassa, on vam poder veure ja molt m\u00e9s a prop les malvasies en plomatge nupcial, xarxets comuns, silbones, frisos, pots blancs, culleres, siverts &#8230; no se si em deixo algun &#8230; i vam veure els primers ballesters de l&#8217;any (4 o 5 ex.) al costat d&#8217;un grupet de 12 o 13 falciots p\u00e0l \u00b7 lids que volaven entre els n\u00favols d&#8217;avions roquers, a m\u00e9s d&#8217;avions comuns i orenetes en pas. Quan est\u00e0vem tots escampats per la zona Juliol i Guille van veure passar dos bigotuts, encara que ning\u00fa m\u00e9s els va poder veure. Intentem relocalizarlos per\u00f2 no va poder ser &#8230;<\/p>\n<p style=\"text-align: justify;\">Des d&#8217;all\u00e0 ens vam anar a la reserva integral per intentar de nou el bigotut, i just quan hav\u00edem arribat a un dels observatoris, va saltar una parella a un parell de metres. Els bestioles es van tornar a amagar r\u00e0pidament i nom\u00e9s van tornar a sortir breument per perdre entre els canyissos. L&#8217;observaci\u00f3 no va ser la millor del m\u00f3n i hi va haver gent que ni tan sols va poder veure&#8217;ls, per\u00f2 alguns si que ens ratllem l&#8217;esp\u00e8cie. Alegria general!. Sortint de l&#8217;observatori escoltem un primerenc boscarla com\u00fa cantant.<\/p>\n<p style=\"text-align: justify;\">Despr\u00e9s de dinar ens acostem a les Salines de Santa Pola. Lloc espectacular. Algunes desenes de flamencs, camallongues, becassinetes, \u00e0necs blancs de nou i altres \u00e0necs, i bans de desenes de alenes volant i alimentant-se per totes les salines que ens van deixar bocabadats.<\/p>\n<p style=\"text-align: justify;\">Ja amb els deures fets intentem la sort amb el piula grossa en una zona de dunes prop de Santa Pola, on hi havia bastant paseriforme migrant, un grup de titina pratenc, tarbillas comuns, cotxes fumades. Poc despr\u00e9s d&#8217;arribar un ocell for\u00e7a gran i amb les rectrius externes blanques va sortir del b\u00e0ndol de bistibas, gaireb\u00e9 el tenim &#8230; per\u00f2 per desgr\u00e0cia va resultar una femella de gratapalles &#8230; Sense pas de marines a la zona, encara que les vistes de l&#8217;illa de Tabarca, i els tallats propers i un net mar blau creaven una estampa veritablement recomanable.<\/p>\n<p style=\"text-align: justify;\">Despr\u00e9s ens acostem al Clot de Galvany, com ens comentava Guille, un imant per a les rareses: recentment s&#8217;ha vist all\u00e0 el tallarol sahariana i un coliazul cejiblanco &#8230; El lloc \u00e9s sorprenentment petit, i no hi havia pr\u00e0cticament aigua, amb el que havia pocs ocells, tot i aix\u00ed, vam veure xarxets comuns en plomatge nupcial, una becadell, diversos passeriformes i un parell de torlits. All\u00e0 Toni Zaragoz\u00ed va fer la foto oficial i traspassem els Anuaris.<\/p>\n<p style=\"text-align: justify;\">Finalment, i amb les ganes de veure el Richard, vam anar a una zona de dunes encara que no hi va haver sort. Nom\u00e9s havia \u00a1cogullades montesinas costat del mar! i pas de gavines diverses &#8230;<\/p>\n<p style=\"text-align: justify;\">En fi, un viatge perfecte en bona companyia.<\/p>\n<div>\n<div>\n<div>\n<div>\n<div><a href=\"http:\/\/svorequenautiel.blogspot.com\/2012\/03\/excursion-del-anuari-pais-valencia.html\" target=\"_blank\">http:\/\/svorequenautiel.<wbr>blogspot.com\/2012\/03\/<wbr>excursion-del-anuari-pais-<wbr>valencia.html<\/wbr><\/wbr><\/wbr><\/a><\/div>\n<div><\/div>\n<\/div>\n<\/div>\n<\/div>\n<\/div>\n","protected":false},"excerpt":{"rendered":"<p>El passat 3 de mar\u00e7 es van traslladar ornit\u00f2legs que organitzen i col \u00b7 laboren en l&#8217;Anuari Ornotol\u00f3gics de la Comunitat Valenciana, del que forma part el GER-EA. Es van despla\u00e7ar al viatge anual des de les prov\u00edncies de Castell\u00f3, Val\u00e8ncia i Alacant. A continuaci\u00f3 es reprodueix el text de \u2026 <a class=\"continue-reading-link\" href=\"https:\/\/internatura.org\/blog\/?p=834\"> Continuar leyendo <span class=\"meta-nav\">&rarr; <\/span><\/a><\/p>\n","protected":false},"author":1,"featured_media":0,"comment_status":"closed","ping_status":"closed","sticky":false,"template":"","format":"standard","meta":[],"categories":[30],"tags":[35,36],"_links":{"self":[{"href":"https:\/\/internatura.org\/blog\/index.php?rest_route=\/wp\/v2\/posts\/834"}],"collection":[{"href":"https:\/\/internatura.org\/blog\/index.php?rest_route=\/wp\/v2\/posts"}],"about":[{"href":"https:\/\/internatura.org\/blog\/index.php?rest_route=\/wp\/v2\/types\/post"}],"author":[{"embeddable":true,"href":"https:\/\/internatura.org\/blog\/index.php?rest_route=\/wp\/v2\/users\/1"}],"replies":[{"embeddable":true,"href":"https:\/\/internatura.org\/blog\/index.php?rest_route=%2Fwp%2Fv2%2Fcomments&post=834"}],"version-history":[{"count":9,"href":"https:\/\/internatura.org\/blog\/index.php?rest_route=\/wp\/v2\/posts\/834\/revisions"}],"predecessor-version":[{"id":876,"href":"https:\/\/internatura.org\/blog\/index.php?rest_route=\/wp\/v2\/posts\/834\/revisions\/876"}],"wp:attachment":[{"href":"https:\/\/internatura.org\/blog\/index.php?rest_route=%2Fwp%2Fv2%2Fmedia&parent=834"}],"wp:term":[{"taxonomy":"category","embeddable":true,"href":"https:\/\/internatura.org\/blog\/index.php?rest_route=%2Fwp%2Fv2%2Fcategories&post=834"},{"taxonomy":"post_tag","embeddable":true,"href":"https:\/\/internatura.org\/blog\/index.php?rest_route=%2Fwp%2Fv2%2Ftags&post=834"}],"curies":[{"name":"wp","href":"https:\/\/api.w.org\/{rel}","templated":true}]}}