{"id":875,"date":"2012-03-10T00:53:38","date_gmt":"2012-03-09T23:53:38","guid":{"rendered":"http:\/\/www.internatura.org\/blog\/?p=875"},"modified":"2015-07-27T10:20:14","modified_gmt":"2015-07-27T10:20:14","slug":"el-ger-segueix-controlant-territoris-daliga-cuabarrada","status":"publish","type":"post","link":"https:\/\/internatura.org\/blog\/?p=875","title":{"rendered":"El GER segueix controlant territoris d&#8217;\u00e0guila de panxa-blanca. Mar\u00e7-2012."},"content":{"rendered":"<p style=\"text-align: center;\"><a href=\"http:\/\/www.internatura.org\/blog\/wp-content\/uploads\/2012\/03\/Perdicera-.jpg\" rel=\"lightbox\" data-rel=\"lightbox-image-0\" data-rl_title=\"\" data-rl_caption=\"\"><img decoding=\"async\" loading=\"lazy\" title=\"\" src=\"http:\/\/www.internatura.org\/blog\/wp-content\/uploads\/2012\/03\/Perdicera-.jpg\" alt=\"\" width=\"251\" height=\"263\" \/><\/a>\u00a0 <a href=\"http:\/\/www.internatura.org\/blog\/wp-content\/uploads\/2012\/03\/PerdigueraDSCF0573.jpg\" rel=\"lightbox\" data-rel=\"lightbox-image-1\" data-rl_title=\"\" data-rl_caption=\"\"><img decoding=\"async\" loading=\"lazy\" title=\"\" src=\"http:\/\/www.internatura.org\/blog\/wp-content\/uploads\/2012\/03\/PerdigueraDSCF0573.jpg\" alt=\"\" width=\"247\" height=\"202\" \/><\/a><\/p>\n<p style=\"text-align: justify;\">Des de principi d&#8217;any diferents membres del GER-EA estan controlant els territoris d&#8217;\u00e0guiles de panxa blanca (<em>Aquila fasciata<\/em>) a la prov\u00edncia de Castell\u00f3, com fa 30 anys.<br \/>\nLes zones que s&#8217;estan controlant en aquests moment amb m\u00e9s profunditat s\u00f3n les zones centrals de la prov\u00edncia des de les Coves de Vinrom\u00e0 al nord i Segorb al sud, amplianse poc a poc a tota la provincia. Aquesta zona alberga la major poblaci\u00f3 d&#8217;\u00e0ligues, localitzant alguns territori buits, quan l&#8217;any passat estaven ocupats.<br \/>\nEl nombre total de territoris controlats han estat 9, dels quals 6 eren ocupats per parelles adultes, una per un adult + un subadulto i dos no hem localitzat a les \u00e0guiles.<\/p>\n<p style=\"text-align: justify;\">El que de moment sembla \u00e9s que el 66% est\u00e0 nidificant, aspecte que pot variar al llarg dels controls. A m\u00e9s el trobar parelles incubant en aquests moments no significa que neixin pollets de tots els nius o aquests arriben a volar, ja que hi ha parelles que any rere any perden la posta o mor algun pollet dels nascuts.<\/p>\n<p style=\"text-align: justify;\">La metodologia utilitzada pel GER-EA, \u00e9s la realitzada durant aquests 30 anys, i est\u00e0 d&#8217;acord amb la metodologia d&#8217;altres institucions com la Societat Espanyola d&#8217;Ornitologia, el Departament de Biologia animal de la Universitat de Barcelona, \u200b\u200bi altres investigadors.<\/p>\n<p style=\"text-align: justify;\">Com a primera premissa \u00e9s fer l&#8217;observaci\u00f3 i filmaci\u00f3 de les aus des de la dist\u00e0ncia. Utilziando la t\u00e8cnica del <a href=\"http:\/\/www.asedi.org\/ficheros\/digiscoping\/d002_lectura_anillas.pdf\">Digiscoping<\/a>, Videoscoping, amb telescopis i c\u00e0meres de fotos i v\u00eddeos acoplats als telescopis, <strong>assegurant la NO interfer\u00e8ncia de la nostra pres\u00e8ncia<\/strong> amb l&#8217;activitat normal de les \u00e0guiles, sempre tinim present el conegut \u00ab<a href=\"http:\/\/www.seo.org\/media\/docs\/codigo_conducta.pdf\"><em>c\u00f3digo \u00e9tico para observadores de aves<\/em><\/a>\u00ab, de la Sociedad Espa\u00f1ola de Ornitolog\u00eda (SEO) .<\/p>\n<p style=\"text-align: justify;\">De fet els nostres majors esfor\u00e7os se centren en parelles desconegudes, poc controlades per altres persones o organismes. Actuant en menor mesura en les parelles que solen mantenir unes reproduccions constants.<\/p>\n<p style=\"text-align: justify;\">Alhora tenim present el <a href=\"http:\/\/www.docv.gva.es\/datos\/2008\/01\/29\/pdf\/2008_993.pdf\">Decret 8\/2008, de 25 de gener<\/a>, del Consell, en concret l&#8217;art. 4 d&#8217;aquest decret, per poder circular per les pistes forestals.<\/p>\n<h5 style=\"text-align: center;\"><a href=\"http:\/\/www.internatura.org\/blog\/wp-content\/uploads\/2012\/03\/Perdi-IMG_9161.jpg\" rel=\"lightbox\" data-rel=\"lightbox-image-2\" data-rl_title=\"\" data-rl_caption=\"\"><img decoding=\"async\" loading=\"lazy\" class=\"size-thumbnail wp-image-910 alignnone\" title=\"\" src=\"http:\/\/www.internatura.org\/blog\/wp-content\/uploads\/2012\/03\/Perdi-IMG_9161-150x150.jpg\" alt=\"\" width=\"150\" height=\"150\" \/><\/a>\u00a0\u00a0<a href=\"http:\/\/www.internatura.org\/blog\/wp-content\/uploads\/2012\/03\/Perdi-IMG_9113.jpg\" rel=\"lightbox\" data-rel=\"lightbox-image-3\" data-rl_title=\"\" data-rl_caption=\"\"><img decoding=\"async\" loading=\"lazy\" title=\"\" src=\"http:\/\/www.internatura.org\/blog\/wp-content\/uploads\/2012\/03\/Perdi-IMG_9113.jpg\" alt=\"\" width=\"224\" height=\"148\" \/><\/a><\/h5>\n<h5 style=\"text-align: center;\"><em>\u00a0 Territoris de \u00e0ligues prospectats pel GER<\/em><\/h5>\n<p style=\"text-align: justify;\">En el cas del <strong>cens \u00e0guila de panxa blanca<\/strong>, les visites es distribueixen de forma gen\u00e8rica a:<\/p>\n<p style=\"text-align: justify;\"><strong>Primeres visites<\/strong>: entre l&#8217;1 de gener i principi de mar\u00e7. Amb l&#8217;objectiu de la detecci\u00f3 de l&#8217;ocupaci\u00f3 o no, dels territoris i les zones de cria.<\/p>\n<p style=\"text-align: justify;\"><strong>Segones visites<\/strong>: Final de mar\u00e7 i tot abril, per detectar la pres\u00e8ncia dels rapinyaires en actitud d&#8217;incubaci\u00f3 o observaci\u00f3 de petits pollets.<\/p>\n<p style=\"text-align: justify;\"><strong>Terceres visites<\/strong>: Durant el mes de maig &#8211; juny. Per comptabilitzar el nombre de pollets grans al niu (pollets supervivents).<\/p>\n<p style=\"text-align: justify;\"><strong>Quartes visites<\/strong>: Durant els mesos de juliol &#8211; agost. Per detectar pres\u00e8ncia de pollets o joves volanders que no hagin pogut ser detectats en les anteriors visites.<\/p>\n<p style=\"text-align: justify;\">Un aspecte important d&#8217;aquestes visites s\u00f3n el control de la parella que ocupa el territori, intentant identificar les rapinyaires i datar la seua edat. Amb aix\u00f2 el que pretenem \u00e9s saber si les \u00e0guiles que estem veient s\u00f3n les mateixes de l&#8217;any anterior o per contra han canviat, aspecte que ens indicaria la mort d&#8217;un ejemplar o de la parella i un recanvi dels individus mort.<\/p>\n<h5 style=\"text-align: center;\"><em><br \/>\n<\/em><\/h5>\n<h5 style=\"text-align: center;\"><\/h5>\n<h5 style=\"text-align: center;\"><em><br \/>\n<\/em><\/h5>\n<h5 style=\"text-align: center;\"><a href=\"http:\/\/www.internatura.org\/blog\/wp-content\/uploads\/2012\/03\/Perdi-3-3-12-DSCF5324.jpg\" rel=\"lightbox\" data-rel=\"lightbox-image-4\" data-rl_title=\"\" data-rl_caption=\"\"><img decoding=\"async\" loading=\"lazy\" title=\"\" src=\"http:\/\/www.internatura.org\/blog\/wp-content\/uploads\/2012\/03\/Perdi-3-3-12-DSCF5324.jpg\" alt=\"\" width=\"360\" height=\"286\" \/><\/a><\/h5>\n<h5 style=\"text-align: center;\"><em>Membres del GER-EA controlant una zona d&#8217;aguila de panxa blanca.<\/em><\/h5>\n<p>&nbsp;<\/p>\n<p style=\"text-align: justify;\">A la vegada aquestes visites ens permeten tenir un millor coneixement de la zona de nidificaci\u00f3, en la mesura de les nostres possibilitats, detectar possibles amenaces a les zones de cria, com les col \u00b7 locaci\u00f3 de piquetes i elements d&#8217;escalada en les proximitat dels nius, com les trobades a Montanejos (b \u00ba Maimona), Argelita (Font dels Ignacios), Ludiente (Salt del Cavall), Vilanova d&#8217;Alcolea, Artana, Mont\u00e1n, localitzaci\u00f3 de rapinyaires electrocutades (Segorbe, Vilanova d&#8217;Alcolea), ca\u00e7a furtiva (Alfondeguilla), espolis (Xert), desaparici\u00f3 de pollets al niu, o mol\u00e8sties per excursionistes o motos de trial als voltants dels nius (Benitand\u00fas), aspectes que es comuniquen a la Conselleria o agens mediambientals directament o indirectament.<\/p>\n<table border=\"0\" width=\"100%\" cellspacing=\"0\" cellpadding=\"0\">\n<tbody>\n<tr>\n<td valign=\"top\">\n<table border=\"0\" width=\"100%\" cellspacing=\"0\" cellpadding=\"0\">\n<tbody>\n<tr>\n<td>\n<table border=\"0\" width=\"98%\" cellspacing=\"0\" cellpadding=\"1\" align=\"center\" bgcolor=\"#cccccc\">\n<tbody>\n<tr>\n<td>\n<table border=\"0\" width=\"100%\" cellspacing=\"0\" cellpadding=\"1\" bgcolor=\"#efefef\">\n<tbody>\n<tr bgcolor=\"#ffffff\">\n<td colspan=\"2\">\n<div class=\"msg\"><span style=\"color: #550055;\"> <a href=\"http:\/\/www.google.com\/url?q=http%3A%2F%2Fwww.internatura.org%2Fdocs%2FAGUILA_PERDICERA_EN_CASTELLON-Plan_de_accion.pdf&amp;sa=D&amp;sntz=1&amp;usg=AFQjCNGKBvdXGDUKqFDtsib8dmE8AeyhQA\" target=\"_blank\" rel=\"noreferrer\">http:\/\/www.internatura.org\/<wbr \/>docs\/AGUILA_PERDICERA_EN_<wbr \/>CASTELLON-Plan_de_accion.pdf<\/a><br \/>\n<\/span><\/div>\n<\/td>\n<\/tr>\n<\/tbody>\n<\/table>\n<\/td>\n<\/tr>\n<\/tbody>\n<\/table>\n<\/td>\n<\/tr>\n<\/tbody>\n<\/table>\n<\/td>\n<\/tr>\n<\/tbody>\n<\/table>\n<p>&nbsp;<\/p>\n<p>&nbsp;<\/p>\n<p style=\"text-align: justify;\"><em><strong>Els textos i les fotografies s\u00f3n propietat dels seus autors i del GER-EA, no est\u00e0 permesa la seva reproducci\u00f3 total o parcial sense el consentiment expr\u00e9s d\u2019aquestos i del grup.<\/strong><\/em><\/p>\n","protected":false},"excerpt":{"rendered":"<p>\u00a0 Des de principi d&#8217;any diferents membres del GER-EA estan controlant els territoris d&#8217;\u00e0guiles de panxa blanca (Aquila fasciata) a la prov\u00edncia de Castell\u00f3, com fa 30 anys. Les zones que s&#8217;estan controlant en aquests moment amb m\u00e9s profunditat s\u00f3n les zones centrals de la prov\u00edncia des de les Coves \u2026 <a class=\"continue-reading-link\" href=\"https:\/\/internatura.org\/blog\/?p=875\"> Continuar leyendo <span class=\"meta-nav\">&rarr; <\/span><\/a><\/p>\n","protected":false},"author":1,"featured_media":0,"comment_status":"closed","ping_status":"closed","sticky":false,"template":"","format":"standard","meta":[],"categories":[25],"tags":[16],"_links":{"self":[{"href":"https:\/\/internatura.org\/blog\/index.php?rest_route=\/wp\/v2\/posts\/875"}],"collection":[{"href":"https:\/\/internatura.org\/blog\/index.php?rest_route=\/wp\/v2\/posts"}],"about":[{"href":"https:\/\/internatura.org\/blog\/index.php?rest_route=\/wp\/v2\/types\/post"}],"author":[{"embeddable":true,"href":"https:\/\/internatura.org\/blog\/index.php?rest_route=\/wp\/v2\/users\/1"}],"replies":[{"embeddable":true,"href":"https:\/\/internatura.org\/blog\/index.php?rest_route=%2Fwp%2Fv2%2Fcomments&post=875"}],"version-history":[{"count":47,"href":"https:\/\/internatura.org\/blog\/index.php?rest_route=\/wp\/v2\/posts\/875\/revisions"}],"predecessor-version":[{"id":4308,"href":"https:\/\/internatura.org\/blog\/index.php?rest_route=\/wp\/v2\/posts\/875\/revisions\/4308"}],"wp:attachment":[{"href":"https:\/\/internatura.org\/blog\/index.php?rest_route=%2Fwp%2Fv2%2Fmedia&parent=875"}],"wp:term":[{"taxonomy":"category","embeddable":true,"href":"https:\/\/internatura.org\/blog\/index.php?rest_route=%2Fwp%2Fv2%2Fcategories&post=875"},{"taxonomy":"post_tag","embeddable":true,"href":"https:\/\/internatura.org\/blog\/index.php?rest_route=%2Fwp%2Fv2%2Ftags&post=875"}],"curies":[{"name":"wp","href":"https:\/\/api.w.org\/{rel}","templated":true}]}}