{"id":887,"date":"2012-03-08T22:34:36","date_gmt":"2012-03-08T21:34:36","guid":{"rendered":"http:\/\/www.internatura.org\/blog\/?p=887"},"modified":"2014-11-11T08:18:58","modified_gmt":"2014-11-11T08:18:58","slug":"marjal-dalmenara-dia-de-cens-8032012","status":"publish","type":"post","link":"https:\/\/internatura.org\/blog\/?p=887","title":{"rendered":"Marjal d&#8217;Almenara. Dia de cens 8\/03\/2012"},"content":{"rendered":"<p style=\"text-align: center;\"><a href=\"http:\/\/www.internatura.org\/blog\/wp-content\/uploads\/2012\/03\/Flamenc-i-8-3-12-IMG_9292.jpg\" rel=\"lightbox\" data-rel=\"lightbox-image-0\" data-rl_title=\"\" data-rl_caption=\"\"><img decoding=\"async\" loading=\"lazy\" class=\"aligncenter  wp-image-955\" title=\"\" src=\"http:\/\/www.internatura.org\/blog\/wp-content\/uploads\/2012\/03\/Flamenc-i-8-3-12-IMG_9292.jpg\" alt=\"\" width=\"612\" height=\"411\" \/><\/a><\/p>\n<p style=\"text-align: justify;\">El dia 7 i 8 de mar\u00e7 hem realitzant un nou control de la marjal d&#8217;Almenara. Aquesta s\u00e8rie de controls es realitzen cada 15 dies durant tot l&#8217;any. La <strong>metodologia<\/strong> \u00e9s molt simple, es realitzen despla\u00e7aments amb cotxe a molt baixa velocitat amb diferents parades programades. Les zones transitades sempre s\u00f3n les mateixes i es realitzen en les mateixes condicions, per evitar en el possibles difer\u00e8ncies molt acusades entre un itinerari i un altre. Entenem que si sempre fem l&#8217;observaci\u00f3 en les mateixes condicions i pels mateixos llocs, els resultats pot ser comparables entre uns i altres. Per tant, no pretenem comptabilitzar tot el que hi ha a la marjal, que d&#8217;altra banda seria impossible, intentem tenir una visi\u00f3 clara de la zona en les diferents \u00e8poques de l&#8217;any\u00a0i gaudir de l&#8217;espectacle.<\/p>\n<p style=\"text-align: justify;\">Els resultats han segut:<\/p>\n<table width=\"160\" border=\"0\" cellspacing=\"0\" cellpadding=\"0\">\n<colgroup>\n<col span=\"2\" width=\"80\" \/> <\/colgroup>\n<tbody>\n<tr>\n<td width=\"80\" height=\"17\"><em>Phoenicopterus roseus<\/em><\/td>\n<td width=\"80\">184<\/td>\n<\/tr>\n<tr>\n<td height=\"17\"><em>Bubulcus ibis<\/em><\/td>\n<td>12<\/td>\n<\/tr>\n<tr>\n<td height=\"17\"><em>Motacilla alba<\/em><\/td>\n<td>10<\/td>\n<\/tr>\n<tr>\n<td height=\"17\"><em>Buteo buteo<\/em><\/td>\n<td>2<\/td>\n<\/tr>\n<tr>\n<td height=\"17\"><em>Emberiza schoeniclus<\/em><\/td>\n<td>5<\/td>\n<\/tr>\n<tr>\n<td height=\"17\"><em>Anthus pratensis<\/em><\/td>\n<td>28<\/td>\n<\/tr>\n<tr>\n<td height=\"17\"><em>Charadrius alexandrinus<\/em><\/td>\n<td>7<\/td>\n<\/tr>\n<tr>\n<td height=\"17\"><em>Charadrius dubius<\/em><\/td>\n<td>32<\/td>\n<\/tr>\n<tr>\n<td height=\"17\"><em>Vanellus vanellus<\/em><\/td>\n<td>26<\/td>\n<\/tr>\n<tr>\n<td height=\"17\"><em>Alcedo atthis<\/em><\/td>\n<td>1<\/td>\n<\/tr>\n<tr>\n<td height=\"17\"><em>Phylloscopus collybita<\/em><\/td>\n<td>6<\/td>\n<\/tr>\n<tr>\n<td height=\"17\"><em>Ardea cinerea<\/em><\/td>\n<td>12<\/td>\n<\/tr>\n<tr>\n<td height=\"17\"><em>Egretta garzetta<\/em><\/td>\n<td>42<\/td>\n<\/tr>\n<tr>\n<td height=\"17\"><em>Carduelis carduelis<\/em><\/td>\n<td>10<\/td>\n<\/tr>\n<tr>\n<td height=\"17\"><em>Serinus serinus<\/em><\/td>\n<td>130<\/td>\n<\/tr>\n<tr>\n<td height=\"17\"><em>Anas platyrhynchos<\/em><\/td>\n<td>3<\/td>\n<\/tr>\n<tr>\n<td height=\"17\"><em>Circus aeruginosus<\/em><\/td>\n<td>7<\/td>\n<\/tr>\n<tr>\n<td height=\"17\"><em>Carduelis chloris<\/em><\/td>\n<td>4<\/td>\n<\/tr>\n<tr>\n<td height=\"17\"><em>Ardeola ralloides<\/em><\/td>\n<td>2<\/td>\n<\/tr>\n<tr>\n<td height=\"17\"><em>Anas acuta<\/em><\/td>\n<td>2<\/td>\n<\/tr>\n<tr>\n<td height=\"17\"><em>Anas clypeata<\/em><\/td>\n<td>5<\/td>\n<\/tr>\n<tr>\n<td height=\"17\"><em>Fulica atra<\/em><\/td>\n<td>120<\/td>\n<\/tr>\n<tr>\n<td height=\"17\"><em>Himantopus himantopus<\/em><\/td>\n<td>23<\/td>\n<\/tr>\n<tr>\n<td height=\"17\"><em>Tachybaptus ruficollis<\/em><\/td>\n<td>12<\/td>\n<\/tr>\n<tr>\n<td height=\"17\"><em>Plegadis falcinellus<\/em><\/td>\n<td>35<\/td>\n<\/tr>\n<tr>\n<td height=\"17\"><em>Turdus merula<\/em><\/td>\n<td>3<\/td>\n<\/tr>\n<tr>\n<td height=\"17\"><em>Larus audouinii<\/em><\/td>\n<td>2<\/td>\n<\/tr>\n<tr>\n<td height=\"17\"><em>Larus ridibundus<\/em><\/td>\n<td>130<\/td>\n<\/tr>\n<tr>\n<td height=\"17\"><em>Parabuteo unicinctus<\/em><\/td>\n<td>1<\/td>\n<\/tr>\n<tr>\n<td height=\"17\"><em>Hieraaetus pennatus<\/em><\/td>\n<td>2<\/td>\n<\/tr>\n<tr>\n<td height=\"17\"><em>Phalacrocorax carbo<\/em><\/td>\n<td>158<\/td>\n<\/tr>\n<tr>\n<td height=\"17\"><em>Falco tinnunculus<\/em><\/td>\n<td>2<\/td>\n<\/tr>\n<\/tbody>\n<\/table>\n<p style=\"text-align: justify;\">\u00a0<a href=\"http:\/\/www.internatura.org\/blog\/wp-content\/uploads\/2012\/03\/Flamenc-a-8-3-12-IMG_9292.jpg\" rel=\"lightbox\" data-rel=\"lightbox-image-1\" data-rl_title=\"\" data-rl_caption=\"\"><img decoding=\"async\" loading=\"lazy\" title=\"\" src=\"http:\/\/www.internatura.org\/blog\/wp-content\/uploads\/2012\/03\/Flamenc-a-8-3-12-IMG_9292.jpg\" alt=\"\" width=\"298\" height=\"182\" \/><\/a>\u00a0 <a href=\"http:\/\/www.internatura.org\/blog\/wp-content\/uploads\/2012\/03\/Friso-h-8-3-12-IMG_9292.jpg\" rel=\"lightbox\" data-rel=\"lightbox-image-2\" data-rl_title=\"\" data-rl_caption=\"\"><img decoding=\"async\" loading=\"lazy\" title=\"\" src=\"http:\/\/www.internatura.org\/blog\/wp-content\/uploads\/2012\/03\/Friso-h-8-3-12-IMG_9292.jpg\" alt=\"\" width=\"151\" height=\"106\" \/><\/a>\u00a0 <a href=\"http:\/\/www.internatura.org\/blog\/wp-content\/uploads\/2012\/03\/Cuchara-8-03-12-IMG_9900.jpg\" rel=\"lightbox\" data-rel=\"lightbox-image-3\" data-rl_title=\"\" data-rl_caption=\"\"><img decoding=\"async\" loading=\"lazy\" title=\"\" src=\"http:\/\/www.internatura.org\/blog\/wp-content\/uploads\/2012\/03\/Cuchara-8-03-12-IMG_9900.jpg\" alt=\"\" width=\"127\" height=\"85\" \/><\/a><\/p>\n<p style=\"text-align: justify;\">\u00a0\u00a0\u00a0\u00a0\u00a0\u00a0\u00a0\u00a0<em>\u00a0\u00a0\u00a0\u00a0\u00a0\u00a0\u00a0\u00a0\u00a0\u00a0\u00a0\u00a0\u00a0\u00a0\u00a0\u00a0\u00a0\u00a0\u00a0\u00a0\u00a0\u00a0 <a href=\"http:\/\/www.internatura.org\/aocv\/ficha.php?idesp=29\">Flamenc\u00a0<\/a>\u00a0\u00a0\u00a0\u00a0 \u00a0 \u00a0 \u00a0 \u00a0 \u00a0 \u00a0 \u00a0 \u00a0 \u00a0 \u00a0 \u00a0 \u00a0 \u00a0 \u00a0 \u00a0 \u00a0 \u00a0\u00a0\u00a0\u00a0<a href=\"http:\/\/www.internatura.org\/aocv\/ficha.php?idesp=53\">Cua de jonc\u00a0<\/a> \u00a0 \u00a0 \u00a0 \u00a0 \u00a0 \u00a0 \u00a0 \u00a0 \u00a0<a href=\"http:\/\/www.internatura.org\/aocv\/ficha.php?idesp=55\">\u00a0 Cullerot\u00a0\u00a0\u00a0\u00a0<\/a>\u00a0\u00a0\u00a0<\/em><\/p>\n<p>\u00a0 \u00a0 \u00a0 \u00a0 \u00a0 \u00a0 \u00a0 \u00a0 \u00a0 \u00a0 \u00a0\u00a0<a href=\"http:\/\/www.internatura.org\/blog\/wp-content\/uploads\/2012\/03\/Harri-8-3-12-IMG_0068.jpg\" rel=\"lightbox\" data-rel=\"lightbox-image-4\" data-rl_title=\"\" data-rl_caption=\"\"><img decoding=\"async\" loading=\"lazy\" title=\"\" src=\"http:\/\/www.internatura.org\/blog\/wp-content\/uploads\/2012\/03\/Harri-8-3-12-IMG_0068.jpg\" alt=\"\" width=\"225\" height=\"115\" \/><\/a>\u00a0\u00a0\u00a0 <a href=\"http:\/\/www.internatura.org\/blog\/wp-content\/uploads\/2012\/03\/Lagunero-8-3-12-IMG_0114.jpg\" rel=\"lightbox\" data-rel=\"lightbox-image-5\" data-rl_title=\"\" data-rl_caption=\"\"><img decoding=\"async\" loading=\"lazy\" title=\"\" src=\"http:\/\/www.internatura.org\/blog\/wp-content\/uploads\/2012\/03\/Lagunero-8-3-12-IMG_0114.jpg\" alt=\"\" width=\"211\" height=\"184\" \/><\/a><\/p>\n<h4 style=\"text-align: center;\"><em>Harri\u00a0\u00a0\u00a0\u00a0\u00a0\u00a0\u00a0\u00a0\u00a0\u00a0\u00a0\u00a0\u00a0\u00a0\u00a0\u00a0\u00a0\u00a0\u00a0\u00a0\u00a0\u00a0\u00a0\u00a0\u00a0\u00a0\u00a0\u00a0\u00a0\u00a0\u00a0\u00a0\u00a0\u00a0 Arpellot de marjal<\/em><\/h4>\n<p style=\"text-align: justify;\">El m\u00e9s destacat d&#8217;aquests dies han estat la pres\u00e8ncia de flamencs durant diversos dies. De fet el company Sergio Arlandis comenta en el f\u00f2rum que el dia 4 de mar\u00e7 va veure al assagador de Quartell uns 50 Exemplars de flamnecs, el 5 de mar\u00e7 Olga Alonso va veure 137 flamencs (membres del Grup Agr\u00f3 d&#8217;Ornitologia).<\/p>\n<p style=\"text-align: justify;\">\u00a0 <a href=\"http:\/\/www.internatura.org\/blog\/wp-content\/uploads\/2012\/03\/Flamenc-d-7-3-12-IMG_9292.jpg\" rel=\"lightbox\" data-rel=\"lightbox-image-6\" data-rl_title=\"\" data-rl_caption=\"\"><img decoding=\"async\" loading=\"lazy\" title=\"\" src=\"http:\/\/www.internatura.org\/blog\/wp-content\/uploads\/2012\/03\/Flamenc-d-7-3-12-IMG_9292.jpg\" alt=\"\" width=\"141\" height=\"122\" \/><\/a>\u00a0\u00a0 <a href=\"http:\/\/www.internatura.org\/blog\/wp-content\/uploads\/2012\/03\/Flamenc-d-8-3-12-IMG_9292.jpg\" rel=\"lightbox\" data-rel=\"lightbox-image-7\" data-rl_title=\"\" data-rl_caption=\"\"><img decoding=\"async\" loading=\"lazy\" title=\"\" src=\"http:\/\/www.internatura.org\/blog\/wp-content\/uploads\/2012\/03\/Flamenc-d-8-3-12-IMG_9292.jpg\" alt=\"\" width=\"138\" height=\"95\" \/><\/a>\u00a0 <a href=\"http:\/\/www.internatura.org\/blog\/wp-content\/uploads\/2012\/03\/Flamenc-dd-7-3-12-IMG_9292.jpg\" rel=\"lightbox\" data-rel=\"lightbox-image-8\" data-rl_title=\"\" data-rl_caption=\"\"><img decoding=\"async\" loading=\"lazy\" title=\"\" src=\"http:\/\/www.internatura.org\/blog\/wp-content\/uploads\/2012\/03\/Flamenc-dd-7-3-12-IMG_9292.jpg\" alt=\"\" width=\"120\" height=\"98\" \/><\/a>\u00a0 <a href=\"http:\/\/www.internatura.org\/blog\/wp-content\/uploads\/2012\/03\/Flamenc-e-7-3-12-IMG_9292.jpg\" rel=\"lightbox\" data-rel=\"lightbox-image-9\" data-rl_title=\"\" data-rl_caption=\"\"><img decoding=\"async\" loading=\"lazy\" title=\"\" src=\"http:\/\/www.internatura.org\/blog\/wp-content\/uploads\/2012\/03\/Flamenc-e-7-3-12-IMG_9292.jpg\" alt=\"\" width=\"164\" height=\"121\" \/><\/a><\/p>\n<p style=\"text-align: justify;\">El 7 de mar\u00e7 membres del grup GER-EA comptabilitzem 115 ex., el 8 de mar\u00e7 comptabilitzem 184 i l&#8217;11 de mar\u00e7 l&#8217;amic Juanvi Capella juntament amb Sijpko comptabilitza 196 flamencs. Aquesta progressi\u00f3 pot obeir a una incorporaci\u00f3 progressiva d&#8217;exemplars o que els flamencs es dispersen per aquesta marjal i en moments determinats s&#8217;uneixen tots en un mateix punt.<\/p>\n<div id=\"gt-res-content\">\n<p style=\"text-align: justify;\" dir=\"ltr\">Un dels objectius de control d&#8217;aquests flamencs era la lectura de les anelles per poder con\u00e8ixer la proced\u00e8ncia dels flamencs anellats i de la composici\u00f3 del grup. La lectura es va intentar el dia 7 de mar\u00e7 per\u00f2 el nivell d&#8217;aigua estava molt alta i no pod\u00edem realziar cap lectura en condicions, esper\u00e0vem que caminessin i aixequessin la pota per\u00f2 la escena era molt r\u00e0pida, sense poder tenir res clar. El dia 8 de mar\u00e7 repetim l&#8217;experi\u00e8ncia i aquest dia si que vam poder realitzar lectures correctes, en total vam fer 10 lectures, trobant anelles del Delta d&#8217;Ebre, d&#8217;Andalucia, d&#8217;Alg\u00e8ria i Fran\u00e7a, una representaci\u00f3 molt bona de les diferents <a href=\"http:\/\/www.seo.org\/media\/docs\/25zanc07.pdf\">col\u00f2nies de flamencs<\/a> .<\/p>\n<p style=\"text-align: justify;\" dir=\"ltr\">\u00a0 <a href=\"http:\/\/www.internatura.org\/blog\/wp-content\/uploads\/2012\/03\/Flamenc-XIJBA-b-7-3-12-IMG_.jpg\" rel=\"lightbox\" data-rel=\"lightbox-image-10\" data-rl_title=\"\" data-rl_caption=\"\"><img decoding=\"async\" loading=\"lazy\" title=\"\" src=\"http:\/\/www.internatura.org\/blog\/wp-content\/uploads\/2012\/03\/Flamenc-XIJBA-b-7-3-12-IMG_.jpg\" alt=\"\" width=\"104\" height=\"159\" \/><\/a>\u00a0 <a href=\"http:\/\/www.internatura.org\/blog\/wp-content\/uploads\/2012\/03\/Flamenc-XIJBA-a-7-3-12-IMG_.jpg\" rel=\"lightbox\" data-rel=\"lightbox-image-11\" data-rl_title=\"\" data-rl_caption=\"\"><img decoding=\"async\" loading=\"lazy\" title=\"\" src=\"http:\/\/www.internatura.org\/blog\/wp-content\/uploads\/2012\/03\/Flamenc-XIJBA-a-7-3-12-IMG_.jpg\" alt=\"\" width=\"100\" height=\"107\" \/><\/a>\u00a0 <a href=\"http:\/\/www.internatura.org\/blog\/wp-content\/uploads\/2012\/03\/Flamenc-ff-XIHVV-7-3-12-IM.jpg\" rel=\"lightbox\" data-rel=\"lightbox-image-12\" data-rl_title=\"\" data-rl_caption=\"\"><img decoding=\"async\" loading=\"lazy\" title=\"\" src=\"http:\/\/www.internatura.org\/blog\/wp-content\/uploads\/2012\/03\/Flamenc-ff-XIHVV-7-3-12-IM.jpg\" alt=\"\" width=\"118\" height=\"104\" \/><\/a>\u00a0 <a href=\"http:\/\/www.internatura.org\/blog\/wp-content\/uploads\/2012\/03\/Flamenc-fg-1ISNZ-7-3-12-IM.jpg\" rel=\"lightbox\" data-rel=\"lightbox-image-13\" data-rl_title=\"\" data-rl_caption=\"\"><img decoding=\"async\" loading=\"lazy\" title=\"\" src=\"http:\/\/www.internatura.org\/blog\/wp-content\/uploads\/2012\/03\/Flamenc-fg-1ISNZ-7-3-12-IM.jpg\" alt=\"\" width=\"132\" height=\"98\" \/><\/a>\u00a0 <a href=\"http:\/\/www.internatura.org\/blog\/wp-content\/uploads\/2012\/03\/Flamenc-f-A4I5Z-7-3-12-IMG1.jpg\" rel=\"lightbox\" data-rel=\"lightbox-image-14\" data-rl_title=\"\" data-rl_caption=\"\"><img decoding=\"async\" loading=\"lazy\" title=\"\" src=\"http:\/\/www.internatura.org\/blog\/wp-content\/uploads\/2012\/03\/Flamenc-f-A4I5Z-7-3-12-IMG1.jpg\" alt=\"\" width=\"120\" height=\"98\" \/><\/a><\/p>\n<p style=\"text-align: justify;\" dir=\"ltr\">Les lectures fetes han segut: <a href=\"http:\/\/www.internatura.org\/aocv\/anillas_verficha.php?id=1468&amp;especie=29\">AM[X<strong>\/<\/strong>984]<\/a>; <a href=\"http:\/\/www.internatura.org\/aocv\/anillas_verficha.php?id=1469&amp;especie=29\">AM[X<strong>\/<\/strong>APN]<\/a>; <a href=\"http:\/\/www.internatura.org\/aocv\/anillas_verficha.php?id=1470&amp;especie=29\">AM[1<strong>\/<\/strong>SNZ]<\/a> ;<a href=\"http:\/\/www.internatura.org\/aocv\/anillas_verficha.php?id=1471&amp;especie=29\">AM[FLTC]<\/a>; <a href=\"http:\/\/www.internatura.org\/aocv\/anillas_verficha.php?id=1472&amp;especie=29\">AM [X<strong>\/<\/strong>HVV] <\/a>; <a href=\"http:\/\/www.internatura.org\/aocv\/anillas_verficha.php?id=1473&amp;especie=29\">AM[A4<strong>\/<\/strong>5Z] <\/a>; <a href=\"http:\/\/www.internatura.org\/aocv\/anillas_verficha.php?id=1474&amp;especie=29\">AM[FHAP]<\/a>; <a href=\"http:\/\/www.internatura.org\/aocv\/anillas_verficha.php?id=1475&amp;especie=29\">AM[1<strong>\/<\/strong>1NZ<\/a><strong><\/strong>; <a href=\"http:\/\/www.internatura.org\/aocv\/anillas_verficha.php?id=1476&amp;especie=29\">B[X<strong>\/<\/strong>JBA]<\/a> ; <a href=\"http:\/\/www.internatura.org\/aocv\/anillas_verficha.php?id=1477&amp;especie=29\">B[BNBT]<\/a>;<\/p>\n<h5 style=\"text-align: center;\" dir=\"ltr\"><a href=\"http:\/\/www.internatura.org\/blog\/wp-content\/uploads\/2012\/03\/Flamenc-bb-8-3-12-IMG_9292.jpg\" rel=\"lightbox\" data-rel=\"lightbox-image-15\" data-rl_title=\"\" data-rl_caption=\"\"><img decoding=\"async\" loading=\"lazy\" class=\"aligncenter  wp-image-996\" title=\"\" src=\"http:\/\/www.internatura.org\/blog\/wp-content\/uploads\/2012\/03\/Flamenc-bb-8-3-12-IMG_9292.jpg\" alt=\"\" width=\"458\" height=\"457\" \/><\/a><em>\u00a0\u00a0\u00a0\u00a0\u00a0\u00a0\u00a0\u00a0\u00a0\u00a0\u00a0\u00a0\u00a0\u00a0\u00a0\u00a0\u00a0\u00a0\u00a0\u00a0\u00a0\u00a0\u00a0\u00a0\u00a0\u00a0\u00a0\u00a0\u00a0 L&#8217;amic Sijpko Wijk observan al grup de flamencs 8\/03\/2012<\/em><\/h5>\n<h6 style=\"text-align: center;\"><strong><em>Els textos i les fotografies s\u00f3n propietat dels seus autors i del GER-EA, no est\u00e0 permesa la seva reproducci\u00f3 total o parcial sense el consentiment expr\u00e9s d\u2019aquestos i del grup.<\/em><\/strong><\/h6>\n<p>&nbsp;<\/p>\n<\/div>\n","protected":false},"excerpt":{"rendered":"<p>El dia 7 i 8 de mar\u00e7 hem realitzant un nou control de la marjal d&#8217;Almenara. Aquesta s\u00e8rie de controls es realitzen cada 15 dies durant tot l&#8217;any. La metodologia \u00e9s molt simple, es realitzen despla\u00e7aments amb cotxe a molt baixa velocitat amb diferents parades programades. Les zones transitades sempre \u2026 <a class=\"continue-reading-link\" href=\"https:\/\/internatura.org\/blog\/?p=887\"> Continuar leyendo <span class=\"meta-nav\">&rarr; <\/span><\/a><\/p>\n","protected":false},"author":1,"featured_media":0,"comment_status":"closed","ping_status":"closed","sticky":false,"template":"","format":"standard","meta":[],"categories":[7],"tags":[37,22],"_links":{"self":[{"href":"https:\/\/internatura.org\/blog\/index.php?rest_route=\/wp\/v2\/posts\/887"}],"collection":[{"href":"https:\/\/internatura.org\/blog\/index.php?rest_route=\/wp\/v2\/posts"}],"about":[{"href":"https:\/\/internatura.org\/blog\/index.php?rest_route=\/wp\/v2\/types\/post"}],"author":[{"embeddable":true,"href":"https:\/\/internatura.org\/blog\/index.php?rest_route=\/wp\/v2\/users\/1"}],"replies":[{"embeddable":true,"href":"https:\/\/internatura.org\/blog\/index.php?rest_route=%2Fwp%2Fv2%2Fcomments&post=887"}],"version-history":[{"count":52,"href":"https:\/\/internatura.org\/blog\/index.php?rest_route=\/wp\/v2\/posts\/887\/revisions"}],"predecessor-version":[{"id":3393,"href":"https:\/\/internatura.org\/blog\/index.php?rest_route=\/wp\/v2\/posts\/887\/revisions\/3393"}],"wp:attachment":[{"href":"https:\/\/internatura.org\/blog\/index.php?rest_route=%2Fwp%2Fv2%2Fmedia&parent=887"}],"wp:term":[{"taxonomy":"category","embeddable":true,"href":"https:\/\/internatura.org\/blog\/index.php?rest_route=%2Fwp%2Fv2%2Fcategories&post=887"},{"taxonomy":"post_tag","embeddable":true,"href":"https:\/\/internatura.org\/blog\/index.php?rest_route=%2Fwp%2Fv2%2Ftags&post=887"}],"curies":[{"name":"wp","href":"https:\/\/api.w.org\/{rel}","templated":true}]}}