{"id":952,"date":"2012-03-10T22:59:53","date_gmt":"2012-03-10T21:59:53","guid":{"rendered":"http:\/\/www.internatura.org\/blog\/?p=952"},"modified":"2014-11-11T08:18:58","modified_gmt":"2014-11-11T08:18:58","slug":"control-de-buitre-comun-en-el-alto-mijares-10032012","status":"publish","type":"post","link":"https:\/\/internatura.org\/blog\/?p=952","title":{"rendered":"Control de voltors com\u00fa en l&#8217;Alt Millars. 10\/03\/2012"},"content":{"rendered":"<h5 style=\"text-align: center;\"><a href=\"http:\/\/www.internatura.org\/blog\/wp-content\/uploads\/2012\/03\/Buitre-Montal-10-3-12-IMG_.jpg\" rel=\"lightbox\" data-rel=\"lightbox-image-0\" data-rl_title=\"\" data-rl_caption=\"\" title=\"\">\u00a0\u00a0\u00a0\u00a0 \u00a0<\/a><a href=\"http:\/\/www.internatura.org\/blog\/wp-content\/uploads\/2012\/03\/Buitre-Montapo-10-3-12-IMG_1.jpg\" rel=\"lightbox\" data-rel=\"lightbox-image-1\" data-rl_title=\"\" data-rl_caption=\"\"><img decoding=\"async\" loading=\"lazy\" class=\"alignnone size-thumbnail wp-image-1070\" title=\"\" src=\"http:\/\/www.internatura.org\/blog\/wp-content\/uploads\/2012\/03\/Buitre-Montapo-10-3-12-IMG_1-150x150.jpg\" alt=\"\" width=\"150\" height=\"150\" \/><\/a><a href=\"http:\/\/www.internatura.org\/blog\/wp-content\/uploads\/2012\/03\/Buitre-Montal-10-3-12-IMG_.jpg\" rel=\"lightbox\" data-rel=\"lightbox-image-2\" data-rl_title=\"\" data-rl_caption=\"\" title=\"\"> \u00a0<\/a><a href=\"http:\/\/www.internatura.org\/blog\/wp-content\/uploads\/2012\/03\/Buitre-Monta-b-10-3-12-IMG_.jpg\" rel=\"lightbox\" data-rel=\"lightbox-image-3\" data-rl_title=\"\" data-rl_caption=\"\"><img decoding=\"async\" loading=\"lazy\" title=\"\" src=\"http:\/\/www.internatura.org\/blog\/wp-content\/uploads\/2012\/03\/Buitre-Monta-b-10-3-12-IMG_-150x150.jpg\" alt=\"\" width=\"150\" height=\"150\" \/><\/a><a href=\"http:\/\/www.internatura.org\/blog\/wp-content\/uploads\/2012\/03\/Buitre-Montal-10-3-12-IMG_.jpg\" rel=\"lightbox\" data-rel=\"lightbox-image-4\" data-rl_title=\"\" data-rl_caption=\"\" title=\"\"> \u00a0 <\/a><a href=\"http:\/\/www.internatura.org\/blog\/wp-content\/uploads\/2012\/03\/Buitre-Montal-10-3-12-IMG_.jpg\" rel=\"lightbox\" data-rel=\"lightbox-image-5\" data-rl_title=\"\" data-rl_caption=\"\"><img decoding=\"async\" loading=\"lazy\" title=\"\" src=\"http:\/\/www.internatura.org\/blog\/wp-content\/uploads\/2012\/03\/Buitre-Montal-10-3-12-IMG_-150x150.jpg\" alt=\"\" width=\"150\" height=\"150\" \/><\/a><a href=\"http:\/\/www.internatura.org\/blog\/wp-content\/uploads\/2012\/03\/Buitre-Montal-10-3-12-IMG_.jpg\" rel=\"lightbox\" data-rel=\"lightbox-image-6\" data-rl_title=\"\" data-rl_caption=\"\" title=\"\"><br \/>\n<\/a><em>Voltors com\u00fa. Pant\u00e0 d&#8217;Arenos 10\/03\/2012<br \/>\n<\/em><\/h5>\n<p style=\"text-align: justify;\">El dia 2012.03.10, es desplacen a la zona de l&#8217;Alt Millars membres del GER-EA, Sergi, Josep i Lid\u00f3n. L&#8217;objectiu era controlar la reproducci\u00f3 del voltor com\u00fa en les diferents barrancs i tallats que envolten l&#8217;Embassament d&#8217;Aren\u00f3s.<\/p>\n<p>El despla\u00e7ament es realitza a primera hora del mat\u00ed fins a meitat de la vespra.<\/p>\n<p>Les dades obtingudes s\u00f3n:<\/p>\n<table width=\"160\" border=\"0\" cellspacing=\"0\" cellpadding=\"0\">\n<colgroup>\n<col span=\"2\" width=\"80\" \/> <\/colgroup>\n<tbody>\n<tr>\n<td width=\"80\" height=\"17\"><em>Turdus merula<\/em><\/td>\n<td width=\"80\"><em>3<\/em><\/td>\n<\/tr>\n<tr>\n<td height=\"17\"><em>Parus major<\/em><\/td>\n<td><em>1<\/em><\/td>\n<\/tr>\n<tr>\n<td height=\"17\"><em>Garrulus glandarius<\/em><\/td>\n<td><em>1<\/em><\/td>\n<\/tr>\n<tr>\n<td height=\"17\"><em>Parus major<\/em><\/td>\n<td><em>1<\/em><\/td>\n<\/tr>\n<tr>\n<td height=\"17\"><em>Garrulus glandarius<\/em><\/td>\n<td>1<\/td>\n<\/tr>\n<tr>\n<td height=\"17\"><em>Turdus viscivorus<\/em><\/td>\n<td><em>23<\/em><\/td>\n<\/tr>\n<tr>\n<td height=\"17\"><em>Turdus philomelos<\/em><\/td>\n<td><em>2<\/em><\/td>\n<\/tr>\n<tr>\n<td height=\"17\"><em>Gyps fulvus<\/em><\/td>\n<td><em>108<\/em><\/td>\n<\/tr>\n<tr>\n<td height=\"17\"><em>Corvus corax<\/em><\/td>\n<td><em>2<\/em><\/td>\n<\/tr>\n<tr>\n<td height=\"17\"><em>Ptyonoprogne rupestris<\/em><\/td>\n<td><em>2<\/em><\/td>\n<\/tr>\n<tr>\n<td height=\"17\"><em>Parus ater<\/em><\/td>\n<td><em>8<\/em><\/td>\n<\/tr>\n<tr>\n<td height=\"17\"><em>Picus viridis<\/em><\/td>\n<td><em>1<\/em><\/td>\n<\/tr>\n<tr>\n<td height=\"17\"><em>Hieraaetus fasciatus<\/em><\/td>\n<td><em>1 sub.<\/em><\/td>\n<\/tr>\n<tr>\n<td height=\"17\"><em>Accipiter nisus<\/em><\/td>\n<td><em>1<\/em><\/td>\n<\/tr>\n<tr>\n<td height=\"17\"><em>Phalacrocorax carbo<\/em><\/td>\n<td><em>3<\/em><\/td>\n<\/tr>\n<tr>\n<td height=\"17\"><em>Dendrocopos major<\/em><\/td>\n<td><em>2<\/em><\/td>\n<\/tr>\n<tr>\n<td height=\"17\"><em>Parus major<\/em><\/td>\n<td><em>1<\/em><\/td>\n<\/tr>\n<tr>\n<td height=\"17\"><em>Sylvia atricapilla<\/em><\/td>\n<td><em>2<\/em><\/td>\n<\/tr>\n<tr>\n<td height=\"17\"><em>Aegithalos caudatus<\/em><\/td>\n<td><em>3<\/em><\/td>\n<\/tr>\n<tr>\n<td height=\"17\"><em>Turdus merula<\/em><\/td>\n<td><em>1<\/em><\/td>\n<\/tr>\n<\/tbody>\n<\/table>\n<p>&nbsp;<\/p>\n<p>&nbsp;<\/p>\n<p style=\"text-align: center;\">\u00a0<a href=\"http:\/\/www.internatura.org\/blog\/wp-content\/uploads\/2012\/03\/Buitre-Monta-t-10-3-12-IMG.jpg\" rel=\"lightbox\" data-rel=\"lightbox-image-7\" data-rl_title=\"\" data-rl_caption=\"\"><img decoding=\"async\" loading=\"lazy\" class=\"alignnone  wp-image-1045\" title=\"\" src=\"http:\/\/www.internatura.org\/blog\/wp-content\/uploads\/2012\/03\/Buitre-Monta-t-10-3-12-IMG-150x150.jpg\" alt=\"\" width=\"104\" height=\"104\" \/> \u00a0<\/a><a href=\"http:\/\/www.internatura.org\/blog\/wp-content\/uploads\/2012\/03\/Buitre-Monta-tr-10-3-12-IMG.jpg\" rel=\"lightbox\" data-rel=\"lightbox-image-8\" data-rl_title=\"\" data-rl_caption=\"\"><img decoding=\"async\" loading=\"lazy\" class=\"alignnone  wp-image-1046\" title=\"\" src=\"http:\/\/www.internatura.org\/blog\/wp-content\/uploads\/2012\/03\/Buitre-Monta-tr-10-3-12-IMG-150x150.jpg\" alt=\"\" width=\"125\" height=\"125\" \/><\/a>\u00a0 <a href=\"http:\/\/www.internatura.org\/blog\/wp-content\/uploads\/2012\/03\/Panta-Arenos-10-3-12-IMG.jpg\" rel=\"lightbox\" data-rel=\"lightbox-image-9\" data-rl_title=\"\" data-rl_caption=\"\"><img decoding=\"async\" loading=\"lazy\" class=\"alignnone  wp-image-1047\" title=\"\" src=\"http:\/\/www.internatura.org\/blog\/wp-content\/uploads\/2012\/03\/Panta-Arenos-10-3-12-IMG-150x150.jpg\" alt=\"\" width=\"147\" height=\"147\" \/><\/a> <a href=\"http:\/\/www.internatura.org\/blog\/wp-content\/uploads\/2012\/03\/B-Palos-10-3-12-IMG.jpg\" rel=\"lightbox\" data-rel=\"lightbox-image-10\" data-rl_title=\"\" data-rl_caption=\"\"><img decoding=\"async\" loading=\"lazy\" title=\"\" src=\"http:\/\/www.internatura.org\/blog\/wp-content\/uploads\/2012\/03\/B-Palos-10-3-12-IMG-150x150.jpg\" alt=\"\" width=\"166\" height=\"166\" \/><\/a><\/p>\n<h5 style=\"text-align: center;\"><em>Algunes zones i barrancs prospectats: Barranc de Maimona, pant\u00e0 d&#8217;Aren\u00f3s, barranc de Palos<\/em><\/h5>\n<p>Localitzem 5 col\u00f2nies dins el terme de Montanejos i una al terme de Mont\u00e1n, encara que en aquest municipi la prostecci\u00f3 va ser molt r\u00e0pida i no busquem en tots els barrancs. De tota manera cal dedicar m\u00e9s esfor\u00e7os en laprospecci\u00f3n d&#8217;aquests barrancs, ja que per qualsevol petit tallat podem trobar una parella solit\u00e0ria de voltor reproduint.<\/p>\n<p style=\"text-align: justify;\">\u00a0En els \u00faltims 10 anys la poblaci\u00f3 de voltor com\u00fa ha experimentat un gran augment a la zona central de la prov\u00edncia i concretament en la comarca de l&#8217;Alcalat\u00e9n i l&#8217;Alt Millars, augment que contrasta amb l&#8217;estabilitat i fins i tot disminuci\u00f3 que s&#8217;observa en el nord provincial i en les col\u00f2nies m\u00e9s antigues.<br \/>\nAquest augment de les parelles reproductores ha estat provocant en els \u00faltims deu anys, que utilitzen els tallats i fins i tot els nius d&#8217;altres rapinyaires com nius de l&#8217;\u00e0guila de panxa blanca i l&#8217;\u00e0guila reial. Fins i tot en aquesta zona s&#8217;ha detectat la utilitzaci\u00f3 d&#8217;un mateix tallat, fins i tot el mateix niu per les tres esp\u00e8cies, cas comprovat en els tallats del riu Millars al seu pas pel poble de Torrechiva. El niu va ser constru\u00eft per una parella d&#8217;\u00e0guiles de panxa blanca, nidificant alguns anys fins que va desapar\u00e8ixer, segons la gent de la zona per mort de les \u00e0guiles, posteriorment durant dos anys nidificar una parella d&#8217;\u00e0guila reial, quedant el niu i territori buit, al cap d&#8217;uns anys va tornar a nidificar una parella d&#8217;\u00e0guila de panxa blanca durant dos anys, per despr\u00e9s nidificar una parella de voltor com\u00fa que segueix actualment, anidadndo en aquesta paret 10 parelles de voltor.<\/p>\n<h5 style=\"text-align: center;\"><em><a href=\"http:\/\/www.internatura.org\/blog\/wp-content\/uploads\/2012\/03\/Hf.Tajos_.31.03.03-2.jpg\" rel=\"lightbox\" data-rel=\"lightbox-image-11\" data-rl_title=\"\" data-rl_caption=\"\"><img decoding=\"async\" loading=\"lazy\" title=\"\" src=\"http:\/\/www.internatura.org\/blog\/wp-content\/uploads\/2012\/03\/Buitre-Monta-f-10-3-12-IMG_-150x150.jpg\" alt=\"\" width=\"150\" height=\"150\" \/>\u00a0 <img decoding=\"async\" loading=\"lazy\" class=\"alignnone  wp-image-1054\" title=\"Hf.Tajos\" src=\"http:\/\/www.internatura.org\/blog\/wp-content\/uploads\/2012\/03\/Hf.Tajos_.31.03.03-2-150x150.jpg\" alt=\"\" width=\"150\" height=\"150\" \/>\u00a0\u00a0\u00a0<\/a><a href=\"http:\/\/www.internatura.org\/blog\/wp-content\/uploads\/2012\/03\/IMG_6729.jpg\" rel=\"lightbox\" data-rel=\"lightbox-image-12\" data-rl_title=\"\" data-rl_caption=\"\"><img decoding=\"async\" loading=\"lazy\" class=\"alignnone size-thumbnail wp-image-1074\" title=\"\" src=\"http:\/\/www.internatura.org\/blog\/wp-content\/uploads\/2012\/03\/IMG_6729-150x150.jpg\" alt=\"\" width=\"150\" height=\"150\" \/><\/a><\/em><\/h5>\n<h5 style=\"text-align: center;\"><em><a href=\"http:\/\/www.internatura.org\/blog\/wp-content\/uploads\/2012\/03\/Hf.Tajos_.31.03.03-2.jpg\" rel=\"lightbox\" data-rel=\"lightbox-image-13\" data-rl_title=\"\" data-rl_caption=\"\" title=\"\">\u00a0\u00a0\u00a0 <\/a><a href=\"http:\/\/www.internatura.org\/blog\/wp-content\/uploads\/2012\/03\/Buitre-Monta-h-10-3-12-IMG_.jpg\" rel=\"lightbox\" data-rel=\"lightbox-image-14\" data-rl_title=\"\" data-rl_caption=\"\"><img decoding=\"async\" loading=\"lazy\" class=\"alignnone size-thumbnail wp-image-1072\" title=\"\" src=\"http:\/\/www.internatura.org\/blog\/wp-content\/uploads\/2012\/03\/Buitre-Monta-h-10-3-12-IMG_-150x150.jpg\" alt=\"\" width=\"150\" height=\"150\" \/>\u00a0 <em><\/em><\/a><em><a href=\"http:\/\/www.internatura.org\/blog\/wp-content\/uploads\/2012\/03\/Buitre-Monta-d-10-3-12-IMG_.jpg\" rel=\"lightbox\" data-rel=\"lightbox-image-15\" data-rl_title=\"\" data-rl_caption=\"\"><img decoding=\"async\" loading=\"lazy\" title=\"\" src=\"http:\/\/www.internatura.org\/blog\/wp-content\/uploads\/2012\/03\/Buitre-Monta-d-10-3-12-IMG_-150x150.jpg\" alt=\"\" width=\"150\" height=\"150\" \/><\/a><\/em><a href=\"http:\/\/www.internatura.org\/blog\/wp-content\/uploads\/2012\/03\/Hf.Tajos_.31.03.03-2.jpg\" rel=\"lightbox\" data-rel=\"lightbox-image-16\" data-rl_title=\"\" data-rl_caption=\"\" title=\"\"><br \/>\n<\/a><\/em><\/h5>\n<h5 style=\"text-align: center;\"><em>Nius utilitzat per les tres esp\u00e8cies de rapinyaires (\u00e0liga panxa blanca, \u00e0liga reial i voltor)<br \/>\n<\/em><\/h5>\n<p style=\"text-align: justify;\">De la mateixa manera ha passat en el tallat del barranc de Pals, nidificant primerament una parella d&#8217;\u00e0liga cuabarrada durant anys, despr\u00e9s va desapar\u00e8ixer i es col \u00b7 loco una parella d&#8217;\u00e0guila real, per\u00f2 construir un altre niu en pati interior del mateix tallat i finalment en el mateix niu s&#8217;ha instal \u00b7 lat una parella de voltor com\u00fa, aquest any en el control es van localitzar 6 parelles en aquest tallat. De nou es repeteix en els tallats de la localitat de Ludiente, sent territori d&#8217;\u00e0liga cuabarrada que construeix 7 nius, desapareix de la zona i es intaura una parella d&#8217;\u00e0guila real, que construeix un nou niu i es reprodueix aris anys. Apareixen els voltor i dos anys nidifica juntament amb els voltors, el primer niu de la real en l&#8217;actualitat est\u00e0 ocupat per una parella de voltor i una desena crien al tallat.<\/p>\n<p style=\"text-align: center;\">\u00a0<a href=\"http:\/\/www.internatura.org\/blog\/wp-content\/uploads\/2012\/03\/Sant-Piedrahita-10-3-12-IMG.jpg\" rel=\"lightbox\" data-rel=\"lightbox-image-17\" data-rl_title=\"\" data-rl_caption=\"\"><img decoding=\"async\" loading=\"lazy\" class=\"alignnone size-thumbnail wp-image-1066\" title=\"\" src=\"http:\/\/www.internatura.org\/blog\/wp-content\/uploads\/2012\/03\/Sant-Piedrahita-10-3-12-IMG-150x150.jpg\" alt=\"\" width=\"150\" height=\"150\" \/><\/a> \u00a0<a href=\"http:\/\/www.internatura.org\/blog\/wp-content\/uploads\/2012\/03\/Buitre-Montajk-10-3-12-IMG_.jpg\" rel=\"lightbox\" data-rel=\"lightbox-image-18\" data-rl_title=\"\" data-rl_caption=\"\"><img decoding=\"async\" loading=\"lazy\" class=\"alignnone size-thumbnail wp-image-1067\" title=\"\" src=\"http:\/\/www.internatura.org\/blog\/wp-content\/uploads\/2012\/03\/Buitre-Montajk-10-3-12-IMG_-150x150.jpg\" alt=\"\" width=\"150\" height=\"150\" \/><\/a> \u00a0<a href=\"http:\/\/www.internatura.org\/blog\/wp-content\/uploads\/2012\/03\/Buitre-Monta-e-10-3-12-IMG_.jpg\" rel=\"lightbox\" data-rel=\"lightbox-image-19\" data-rl_title=\"\" data-rl_caption=\"\"><img decoding=\"async\" loading=\"lazy\" class=\"alignnone size-thumbnail wp-image-1068\" title=\"\" src=\"http:\/\/www.internatura.org\/blog\/wp-content\/uploads\/2012\/03\/Buitre-Monta-e-10-3-12-IMG_-150x150.jpg\" alt=\"\" width=\"150\" height=\"150\" \/><\/a>\u00a0 <a href=\"http:\/\/www.internatura.org\/blog\/wp-content\/uploads\/2012\/03\/IMG_6663.jpg\" rel=\"lightbox\" data-rel=\"lightbox-image-20\" data-rl_title=\"\" data-rl_caption=\"\"><img decoding=\"async\" loading=\"lazy\" class=\"alignnone size-thumbnail wp-image-1076\" title=\"\" src=\"http:\/\/www.internatura.org\/blog\/wp-content\/uploads\/2012\/03\/IMG_6663-150x150.jpg\" alt=\"\" width=\"150\" height=\"150\" \/><\/a><\/p>\n<h5 style=\"text-align: center;\"><em>Sant Vicente de Piedrahita . Explotaci\u00f3 semiestabulada de bovi i menjador de voltors a Villahermosa.<br \/>\n<\/em><\/h5>\n<p style=\"text-align: justify;\">Possiblement l&#8217;augment dels voltors ha estat lligat a l&#8217;augment del bestiar boino a la muntanya i en la pres\u00e8ncia de menjar fixa com la menjadora de voltors de Villahermosa, oa la zona de Terol. Tamb\u00e9 ha pogut influir l&#8217;abandonament de la muntanya i la poca pres\u00e8ncia de persones o agressions cap a aquest tipus d&#8217;au, encara que en la part nord de la prov\u00edncia (Morella), fa anys que se&#8217;ls ha acusat de matar les vaques i els vedells en \u00e8poca de parts, ens sembla poc estudiat i que hi ha molt de picaresca per part dels ramaders.<\/p>\n<div id=\"gt-res-content\">\n<div dir=\"ltr\">Al mateix temps s&#8217;ha constatat la pres\u00e8ncia d&#8217;altres esp\u00e8cies de vertebrats:<\/div>\n<\/div>\n<div dir=\"ltr\"><\/div>\n<div style=\"text-align: center;\" dir=\"ltr\">\u00a0 \u00a0 \u00a0 \u00a0 \u00a0<a href=\"http:\/\/www.internatura.org\/blog\/wp-content\/uploads\/2012\/03\/Carbonero-garapino-Monta-c-.jpg\" rel=\"lightbox\" data-rel=\"lightbox-image-21\" data-rl_title=\"\" data-rl_caption=\"\"><img decoding=\"async\" loading=\"lazy\" class=\"alignnone size-thumbnail wp-image-1059\" title=\"\" src=\"http:\/\/www.internatura.org\/blog\/wp-content\/uploads\/2012\/03\/Carbonero-garapino-Monta-c--150x150.jpg\" alt=\"\" width=\"150\" height=\"150\" \/><\/a> \u00a0\u00a0 <a href=\"http:\/\/www.internatura.org\/blog\/wp-content\/uploads\/2012\/03\/Carbonero-a-garapino-Monta-.jpg\" rel=\"lightbox\" data-rel=\"lightbox-image-22\" data-rl_title=\"\" data-rl_caption=\"\"><img decoding=\"async\" loading=\"lazy\" class=\"alignnone size-thumbnail wp-image-1058\" title=\"\" src=\"http:\/\/www.internatura.org\/blog\/wp-content\/uploads\/2012\/03\/Carbonero-a-garapino-Monta--150x150.jpg\" alt=\"\" width=\"150\" height=\"150\" \/><\/a> \u00a0\u00a0 <a href=\"http:\/\/www.internatura.org\/blog\/wp-content\/uploads\/2012\/03\/Perdi-Monta-a-10-3-12-IMG_.jpg\" rel=\"lightbox\" data-rel=\"lightbox-image-23\" data-rl_title=\"\" data-rl_caption=\"\"><img decoding=\"async\" loading=\"lazy\" class=\"alignnone size-thumbnail wp-image-1060\" title=\"\" src=\"http:\/\/www.internatura.org\/blog\/wp-content\/uploads\/2012\/03\/Perdi-Monta-a-10-3-12-IMG_-150x150.jpg\" alt=\"\" width=\"150\" height=\"150\" \/><\/a><\/div>\n<h5 style=\"text-align: center;\" dir=\"ltr\"><em>Ejemplars de Primavera i \u00e0liga de panxa blanca. Pant\u00e0 d&#8217;Arenos 10\/03\/2012<\/em><\/h5>\n<div style=\"text-align: center;\" dir=\"ltr\"><\/div>\n<div style=\"text-align: center;\" dir=\"ltr\"><a href=\"http:\/\/www.internatura.org\/blog\/wp-content\/uploads\/2012\/03\/Ardilla-Montal-10-3-12-IMG.jpg\" rel=\"lightbox\" data-rel=\"lightbox-image-24\" data-rl_title=\"\" data-rl_caption=\"\"><img decoding=\"async\" loading=\"lazy\" class=\"alignnone  wp-image-1061\" title=\"\" src=\"http:\/\/www.internatura.org\/blog\/wp-content\/uploads\/2012\/03\/Ardilla-Montal-10-3-12-IMG-150x150.jpg\" alt=\"\" width=\"150\" height=\"150\" \/><\/a> \u00a0 <a href=\"http:\/\/www.internatura.org\/blog\/wp-content\/uploads\/2012\/03\/Cabra-Montajk-10-3-12-IMG_.jpg\" rel=\"lightbox\" data-rel=\"lightbox-image-25\" data-rl_title=\"\" data-rl_caption=\"\"><img decoding=\"async\" loading=\"lazy\" class=\"alignnone size-thumbnail wp-image-1064\" title=\"\" src=\"http:\/\/www.internatura.org\/blog\/wp-content\/uploads\/2012\/03\/Cabra-Montajk-10-3-12-IMG_-150x150.jpg\" alt=\"\" width=\"150\" height=\"150\" \/><\/a><\/div>\n<div style=\"text-align: center;\" dir=\"ltr\"><\/div>\n<div style=\"text-align: center;\" dir=\"ltr\"><em>Esquirol i restes de cabra salvatge. Pant\u00e0 d&#8217;Arenos 10\/03\/2012<\/em><\/div>\n<p style=\"text-align: justify;\">\u00a0Respecte a les altres esp\u00e8cies de vertebrats destaca la pres\u00e8ncia de la cabra salvatge, que pugerem observar a 3 exemplars, molt amena\u00e7ada per alguns ca\u00e7adors de la zona i per la costrucci\u00f3 de tanques per protegir les repoblacions que realitza la Conselleria. Tanques que s&#8217;han col \u00b7 locat de filferro espin\u00f3s a la part superior, per\u00f2 gr\u00e0cies a den\u00fancies de persones particulars i del GER-EA, denunciant que podia ferir la cabra salvatge en saltar aquests tanques, la Conselleria no ha tingut m\u00e9s remei que <a href=\"http:\/\/www.que.es\/castellon\/201102281422-sindic-recomienda-consell-retirada-alambre-epi.html\">retirar el filferro espin\u00f3s<\/a> i substituir-lo per filferro normal.<\/p>\n<p style=\"text-align: center;\">\u00a0\u00a0\u00a0\u00a0\u00a0\u00a0\u00a0\u00a0\u00a0\u00a0\u00a0\u00a0\u00a0\u00a0\u00a0\u00a0\u00a0<a href=\"http:\/\/www.internatura.org\/blog\/wp-content\/uploads\/2012\/03\/Vallado-Montanejos-1-11.jpg\" rel=\"lightbox\" data-rel=\"lightbox-image-26\" data-rl_title=\"\" data-rl_caption=\"\"><img decoding=\"async\" loading=\"lazy\" class=\"alignnone  wp-image-1143\" title=\"\" src=\"http:\/\/www.internatura.org\/blog\/wp-content\/uploads\/2012\/03\/Vallado-Montanejos-1-11-150x150.jpg\" alt=\"\" width=\"136\" height=\"131\" \/><\/a>\u00a0\u00a0\u00a0\u00a0<a href=\"http:\/\/www.internatura.org\/blog\/wp-content\/uploads\/2012\/03\/Vallados-Mont.-02-01-11-41.jpg\" rel=\"lightbox\" data-rel=\"lightbox-image-27\" data-rl_title=\"\" data-rl_caption=\"\"><img decoding=\"async\" loading=\"lazy\" class=\"alignnone  wp-image-1144\" title=\"\" src=\"http:\/\/www.internatura.org\/blog\/wp-content\/uploads\/2012\/03\/Vallados-Mont.-02-01-11-41-150x150.jpg\" alt=\"\" width=\"109\" height=\"110\" \/><\/a>\u00a0\u00a0\u00a0 <a href=\"http:\/\/www.internatura.org\/blog\/wp-content\/uploads\/2012\/03\/IMG_0636.jpg\" rel=\"lightbox\" data-rel=\"lightbox-image-28\" data-rl_title=\"\" data-rl_caption=\"\"><img decoding=\"async\" loading=\"lazy\" title=\"\" src=\"http:\/\/www.internatura.org\/blog\/wp-content\/uploads\/2012\/03\/IMG_0636-150x150.jpg\" alt=\"\" width=\"107\" height=\"105\" \/><\/a>\u00a0\u00a0 <a href=\"http:\/\/www.internatura.org\/blog\/wp-content\/uploads\/2012\/03\/IMG_0637.jpg\" rel=\"lightbox\" data-rel=\"lightbox-image-29\" data-rl_title=\"\" data-rl_caption=\"\"><img decoding=\"async\" loading=\"lazy\" class=\"alignnone  wp-image-1079\" title=\"\" src=\"http:\/\/www.internatura.org\/blog\/wp-content\/uploads\/2012\/03\/IMG_0637-150x150.jpg\" alt=\"\" width=\"112\" height=\"88\" \/><\/a><\/p>\n<h5 style=\"text-align: center;\"><em>Fotos, Leopoldo L\u00f3pez (02\/01\/2011) \u00a0i Josep Bort (10\/03\/2012)<\/em><\/h5>\n<div class=\"youtube\" style=\"width: 450; height: 259;\" align=\"center\"><object width=\"450\" height=\"259\" classid=\"clsid:d27cdb6e-ae6d-11cf-96b8-444553540000\" codebase=\"http:\/\/download.macromedia.com\/pub\/shockwave\/cabs\/flash\/swflash.cab#version=6,0,40,0\"><param name=\"wmode\" value=\"transparent\" \/><param name=\"src\" value=\"http:\/\/www.youtube.com\/v\/GkdQcUnJUF4&amp;rel=0&amp;showinfo=0\" \/><embed width=\"450\" height=\"259\" type=\"application\/x-shockwave-flash\" src=\"http:\/\/www.youtube.com\/v\/GkdQcUnJUF4&amp;rel=0&amp;showinfo=0\" wmode=\"transparent\" \/><\/object><\/div>\n<h5 style=\"text-align: center;\"><em>V\u00eddeo de Leo P\u00e9rez<\/em><\/h5>\n<p style=\"text-align: justify;\"><em><strong>Els textos i les fotografies s\u00f3n propietat dels seus autors i del GER-EA, no est\u00e0 permesa la seva reproducci\u00f3 total o parcial sense el consentiment expr\u00e9s d\u2019aquestos i del grup.<\/strong><\/em><\/p>\n","protected":false},"excerpt":{"rendered":"<p>\u00a0\u00a0\u00a0\u00a0 \u00a0 \u00a0 \u00a0 Voltors com\u00fa. Pant\u00e0 d&#8217;Arenos 10\/03\/2012 El dia 2012.03.10, es desplacen a la zona de l&#8217;Alt Millars membres del GER-EA, Sergi, Josep i Lid\u00f3n. L&#8217;objectiu era controlar la reproducci\u00f3 del voltor com\u00fa en les diferents barrancs i tallats que envolten l&#8217;Embassament d&#8217;Aren\u00f3s. El despla\u00e7ament es realitza a \u2026 <a class=\"continue-reading-link\" href=\"https:\/\/internatura.org\/blog\/?p=952\"> Continuar leyendo <span class=\"meta-nav\">&rarr; <\/span><\/a><\/p>\n","protected":false},"author":1,"featured_media":0,"comment_status":"closed","ping_status":"closed","sticky":false,"template":"","format":"standard","meta":[],"categories":[7],"tags":[39,38],"_links":{"self":[{"href":"https:\/\/internatura.org\/blog\/index.php?rest_route=\/wp\/v2\/posts\/952"}],"collection":[{"href":"https:\/\/internatura.org\/blog\/index.php?rest_route=\/wp\/v2\/posts"}],"about":[{"href":"https:\/\/internatura.org\/blog\/index.php?rest_route=\/wp\/v2\/types\/post"}],"author":[{"embeddable":true,"href":"https:\/\/internatura.org\/blog\/index.php?rest_route=\/wp\/v2\/users\/1"}],"replies":[{"embeddable":true,"href":"https:\/\/internatura.org\/blog\/index.php?rest_route=%2Fwp%2Fv2%2Fcomments&post=952"}],"version-history":[{"count":43,"href":"https:\/\/internatura.org\/blog\/index.php?rest_route=\/wp\/v2\/posts\/952\/revisions"}],"predecessor-version":[{"id":1042,"href":"https:\/\/internatura.org\/blog\/index.php?rest_route=\/wp\/v2\/posts\/952\/revisions\/1042"}],"wp:attachment":[{"href":"https:\/\/internatura.org\/blog\/index.php?rest_route=%2Fwp%2Fv2%2Fmedia&parent=952"}],"wp:term":[{"taxonomy":"category","embeddable":true,"href":"https:\/\/internatura.org\/blog\/index.php?rest_route=%2Fwp%2Fv2%2Fcategories&post=952"},{"taxonomy":"post_tag","embeddable":true,"href":"https:\/\/internatura.org\/blog\/index.php?rest_route=%2Fwp%2Fv2%2Ftags&post=952"}],"curies":[{"name":"wp","href":"https:\/\/api.w.org\/{rel}","templated":true}]}}